{"id":8396,"date":"2020-02-18T16:29:04","date_gmt":"2020-02-18T19:29:04","guid":{"rendered":"https:\/\/hostnetart.com.br\/baixada\/mercado-comeca-a-voltar-a-realidade-e-reduz-projecoes-para-2020\/"},"modified":"2020-02-18T16:29:04","modified_gmt":"2020-02-18T19:29:04","slug":"mercado-comeca-a-voltar-a-realidade-e-reduz-projecoes-para-2020","status":"publish","type":"post","link":"https:\/\/hostnetart.com.br\/baixada\/mercado-comeca-a-voltar-a-realidade-e-reduz-projecoes-para-2020\/","title":{"rendered":"Mercado come\u00e7a a voltar \u00e0 realidade e reduz proje\u00e7\u00f5es para 2020"},"content":{"rendered":"<p>Economistas do mercado ouvidos pelo Banco Central (BC) reduziram suas proje\u00e7\u00f5es para 2020. Segundo o Boletim Focus, divulgado na \u00faltima segunda-feira (17), a expectativa de crescimento do Produto Interno Bruto (PIB) caiu de 2,3% para 2,23% neste ano. Para 2019, as proje\u00e7\u00f5es do mercado apontam crescimento de 0,89%. Os dados oficiais ser\u00e3o divulgados pelo IBGE em mar\u00e7o. A revis\u00e3o para baixo, segundo o diretor t\u00e9cnico do Dieese, Fausto Augusto Junior, indica que o \u201cmercado\u201d reorganiza suas refer\u00eancias para dar informa\u00e7\u00f5es mais \u201creais\u201d aos investidores.<\/p>\n<p>As proje\u00e7\u00f5es mais otimistas foram seguidamente desmentidas pela redu\u00e7\u00e3o na\u00a0<a href=\"https:\/\/www.redebrasilatual.com.br\/economia\/2020\/02\/producao-industrial-oscila-nas-regioes-brasileiras-em-ano-negativo-para-o-setor\/\" target=\"_blank\" rel=\"noopener noreferrer\">produ\u00e7\u00e3o industrial<\/a>\u00a0e dos resultados do\u00a0<a href=\"https:\/\/www.redebrasilatual.com.br\/economia\/2020\/02\/vendas-no-comercio-2019-ritmo-diminui\/\" target=\"_blank\" rel=\"noopener noreferrer\">com\u00e9rcio<\/a>, menos aquecido do que o esperado durante o Natal. Mais grave ainda, as altas taxas de desemprego demoram a ceder, e s\u00e3o camufladas pelo trabalho prec\u00e1rio. O resultado, segundo o diretor do Dieese, \u00e9 o aumento da desigualdade social.<\/p>\n<p>\u201cO que estamos assistindo \u00e9 que no ano passado crescemos quase 1%, menos do que desejar\u00edamos. Muito pior do que isso, apesar de crescer, a m\u00e9dia da popula\u00e7\u00e3o piorou. Os carrinhos ficam mais vazios, as pessoas est\u00e3o comprando menos. Isso tem a ver com a amplia\u00e7\u00e3o da desigualdade. Crescimento econ\u00f4mico n\u00e3o necessariamente quer dizer desenvolvimento econ\u00f4mico e social\u201d, afirmou \u00e0 jornalista Marilu Caba\u00f1as, para o\u00a0<em><a href=\"https:\/\/www.youtube.com\/watch?v=KJ_fhIKV6jw&amp;t=2139s\" target=\"_blank\" rel=\"noopener noreferrer\">Jornal Brasil Atual<\/a><\/em>, nesta ter\u00e7a-feira (18).<\/p>\n<p>Fausto classifica o crescimento atual como \u201cvoo de galinha\u201d. Segundo ele, para se traduzir em bem-estar, seria preciso, por exemplo, haver amplia\u00e7\u00e3o dos servi\u00e7os p\u00fablicos e tamb\u00e9m do poder de compra da popula\u00e7\u00e3o. Al\u00e9m de um crescimento que fosse sustent\u00e1vel ambientalmente. Ele citou as recentes enchentes nos estados de S\u00e3o Paulo e Minas Gerais que, mais uma vez, atingiram principalmente os mais pobres, prejudicados n\u00e3o apenas por morarem nas \u00e1reas de risco, mas tamb\u00e9m por sofrerem com a alta no pre\u00e7o dos alimentos.<\/p>\n<p><strong>Fonte: Rede Brasil Atual<\/strong><\/p>\n","protected":false},"excerpt":{"rendered":"<p>Economistas do mercado ouvidos pelo Banco Central (BC) reduziram suas proje\u00e7\u00f5es para 2020. Segundo o Boletim Focus, divulgado na \u00faltima segunda-feira (17), a expectativa de crescimento do Produto Interno Bruto (PIB) caiu de 2,3% para 2,23% neste ano. Para 2019, as proje\u00e7\u00f5es do mercado apontam crescimento de 0,89%. Os dados oficiais ser\u00e3o divulgados pelo IBGE [&hellip;]<\/p>\n","protected":false},"author":2,"featured_media":8395,"comment_status":"","ping_status":"","sticky":false,"template":"","format":"standard","meta":{"footnotes":""},"categories":[3],"tags":[],"class_list":["post-8396","post","type-post","status-publish","format-standard","has-post-thumbnail","hentry","category-noticias"],"_links":{"self":[{"href":"https:\/\/hostnetart.com.br\/baixada\/wp-json\/wp\/v2\/posts\/8396","targetHints":{"allow":["GET"]}}],"collection":[{"href":"https:\/\/hostnetart.com.br\/baixada\/wp-json\/wp\/v2\/posts"}],"about":[{"href":"https:\/\/hostnetart.com.br\/baixada\/wp-json\/wp\/v2\/types\/post"}],"author":[{"embeddable":true,"href":"https:\/\/hostnetart.com.br\/baixada\/wp-json\/wp\/v2\/users\/2"}],"replies":[{"embeddable":true,"href":"https:\/\/hostnetart.com.br\/baixada\/wp-json\/wp\/v2\/comments?post=8396"}],"version-history":[{"count":0,"href":"https:\/\/hostnetart.com.br\/baixada\/wp-json\/wp\/v2\/posts\/8396\/revisions"}],"wp:featuredmedia":[{"embeddable":true,"href":"https:\/\/hostnetart.com.br\/baixada\/wp-json\/wp\/v2\/media\/8395"}],"wp:attachment":[{"href":"https:\/\/hostnetart.com.br\/baixada\/wp-json\/wp\/v2\/media?parent=8396"}],"wp:term":[{"taxonomy":"category","embeddable":true,"href":"https:\/\/hostnetart.com.br\/baixada\/wp-json\/wp\/v2\/categories?post=8396"},{"taxonomy":"post_tag","embeddable":true,"href":"https:\/\/hostnetart.com.br\/baixada\/wp-json\/wp\/v2\/tags?post=8396"}],"curies":[{"name":"wp","href":"https:\/\/api.w.org\/{rel}","templated":true}]}}