{"id":8392,"date":"2020-02-18T14:43:05","date_gmt":"2020-02-18T17:43:05","guid":{"rendered":"https:\/\/hostnetart.com.br\/baixada\/fim-da-violencia-contra-a-mulher-e-reivindicacao-antiga-da-categoria\/"},"modified":"2020-02-18T14:43:05","modified_gmt":"2020-02-18T17:43:05","slug":"fim-da-violencia-contra-a-mulher-e-reivindicacao-antiga-da-categoria","status":"publish","type":"post","link":"https:\/\/hostnetart.com.br\/baixada\/fim-da-violencia-contra-a-mulher-e-reivindicacao-antiga-da-categoria\/","title":{"rendered":"Fim da viol\u00eancia contra a mulher \u00e9 reivindica\u00e7\u00e3o antiga da categoria"},"content":{"rendered":"<p>A escolha das banc\u00e1rias da luta pelo fim da viol\u00eancia contra a mulher e do feminic\u00eddio como a principal bandeira no Dia Internacional da Mulher, na consulta realizada pela Confedera\u00e7\u00e3o Nacional dos Trabalhadores do Ramo Financeiro (Contraf-CUT), fortalece uma antiga reivindica\u00e7\u00e3o da categoria.<\/p>\n<p><a href=\"https:\/\/contrafcut.com.br\/noticias\/bancarias-cobram-canal-de-atendimento-as-vitimas-de-violencia\/\">Em reuni\u00e3o realizada com a Federa\u00e7\u00e3o Nacional dos Bancos (Fenaban), no final de novembro<\/a>, o Comando Nacional dos Banc\u00e1rios cobrou o canal de atendimento \u00e0s banc\u00e1rias v\u00edtimas de viol\u00eancia.\u00a0<a href=\"https:\/\/contrafcut.com.br\/noticias\/censo-da-diversidade\/\">O debate sobre a proposta j\u00e1 havia sido iniciado em abril deste ano, na mesa de Igualdade de Oportunidades<\/a>, mas at\u00e9 hoje o canal n\u00e3o foi criado.<\/p>\n<p>\u201cA cria\u00e7\u00e3o de um canal sigiloso que possa acolher as v\u00edtimas de viol\u00eancia para orient\u00e1-las e dar assist\u00eancia jur\u00eddica e psicol\u00f3gica \u00e9 fundamental para ajudar a trabalhadora a romper o ciclo da viol\u00eancia\u201d, disse a secret\u00e1ria da Mulher da Contraf-CUT, Elaine Cutis.<\/p>\n<p>Pesquisa realizada pela Universidade Federal do Cear\u00e1 revela que a viol\u00eancia dom\u00e9stica custe cerca de R$ 1 bilh\u00e3o por ano ao mercado do trabalho nacional. O c\u00e1lculo \u00e9 baseado no \u00edndice de absente\u00edsmo: o n\u00famero de mulheres violentadas que tem de faltar no emprego. As aus\u00eancias ocorrem tanto em decorr\u00eancia das licen\u00e7as m\u00e9dicas e tratamentos quanto em fun\u00e7\u00e3o abalo psicol\u00f3gico que enfrentam ap\u00f3s uma agress\u00e3o.<\/p>\n<p>A pesquisa levou em considera\u00e7\u00e3o o valor da hora trabalhada por mulheres e utilizou dados do Pesquisa Nacional por Amostra de Domic\u00edlios (PNAD) para estimar o efeito das faltas no trabalho nos demais estados do Pa\u00eds.<\/p>\n<p>\u201cA expectativa \u00e9 que a Fenaban possa dar continuidade nas discuss\u00f5es que j\u00e1 foram iniciadas na mesa de Igualdade de Oportunidades e tornar essa proposta uma realidade dentro dos bancos, o que ser\u00e1 fundamental para dar a prote\u00e7\u00e3o e o respeito que precisam, al\u00e9m de manter o respeito no ambiente de trabalho\u201d, completou Elaine.<\/p>\n<p><strong>Fonte: Contraf-CUT<\/strong><\/p>\n","protected":false},"excerpt":{"rendered":"<p>A escolha das banc\u00e1rias da luta pelo fim da viol\u00eancia contra a mulher e do feminic\u00eddio como a principal bandeira no Dia Internacional da Mulher, na consulta realizada pela Confedera\u00e7\u00e3o Nacional dos Trabalhadores do Ramo Financeiro (Contraf-CUT), fortalece uma antiga reivindica\u00e7\u00e3o da categoria. Em reuni\u00e3o realizada com a Federa\u00e7\u00e3o Nacional dos Bancos (Fenaban), no final [&hellip;]<\/p>\n","protected":false},"author":2,"featured_media":8391,"comment_status":"","ping_status":"","sticky":false,"template":"","format":"standard","meta":{"footnotes":""},"categories":[3],"tags":[],"class_list":["post-8392","post","type-post","status-publish","format-standard","has-post-thumbnail","hentry","category-noticias"],"_links":{"self":[{"href":"https:\/\/hostnetart.com.br\/baixada\/wp-json\/wp\/v2\/posts\/8392","targetHints":{"allow":["GET"]}}],"collection":[{"href":"https:\/\/hostnetart.com.br\/baixada\/wp-json\/wp\/v2\/posts"}],"about":[{"href":"https:\/\/hostnetart.com.br\/baixada\/wp-json\/wp\/v2\/types\/post"}],"author":[{"embeddable":true,"href":"https:\/\/hostnetart.com.br\/baixada\/wp-json\/wp\/v2\/users\/2"}],"replies":[{"embeddable":true,"href":"https:\/\/hostnetart.com.br\/baixada\/wp-json\/wp\/v2\/comments?post=8392"}],"version-history":[{"count":0,"href":"https:\/\/hostnetart.com.br\/baixada\/wp-json\/wp\/v2\/posts\/8392\/revisions"}],"wp:featuredmedia":[{"embeddable":true,"href":"https:\/\/hostnetart.com.br\/baixada\/wp-json\/wp\/v2\/media\/8391"}],"wp:attachment":[{"href":"https:\/\/hostnetart.com.br\/baixada\/wp-json\/wp\/v2\/media?parent=8392"}],"wp:term":[{"taxonomy":"category","embeddable":true,"href":"https:\/\/hostnetart.com.br\/baixada\/wp-json\/wp\/v2\/categories?post=8392"},{"taxonomy":"post_tag","embeddable":true,"href":"https:\/\/hostnetart.com.br\/baixada\/wp-json\/wp\/v2\/tags?post=8392"}],"curies":[{"name":"wp","href":"https:\/\/api.w.org\/{rel}","templated":true}]}}