{"id":8390,"date":"2020-02-18T14:42:21","date_gmt":"2020-02-18T17:42:21","guid":{"rendered":"https:\/\/hostnetart.com.br\/baixada\/banco-do-brasil-paga-plr-dia-5-de-marco\/"},"modified":"2020-02-18T14:42:21","modified_gmt":"2020-02-18T17:42:21","slug":"banco-do-brasil-paga-plr-dia-5-de-marco","status":"publish","type":"post","link":"https:\/\/hostnetart.com.br\/baixada\/banco-do-brasil-paga-plr-dia-5-de-marco\/","title":{"rendered":"Banco do Brasil paga PLR dia 5 de mar\u00e7o"},"content":{"rendered":"<p>Logo ap\u00f3s o Banco do Brasil anunciar, nesta quinta-feira (13), um\u00a0<a href=\"https:\/\/bit.ly\/2SF0Rrn\" target=\"_blank\" rel=\"noopener noreferrer\">lucro de R$ 18,162 bilh\u00f5es em 2019<\/a>, o presidente do banco, Rubem Novaes, anunciou que a parcela referente ao segundo semestre de 2019 da Participa\u00e7\u00e3o nos Lucros e\/ou Resultados (PLR) ser\u00e1 paga aos funcion\u00e1rios no dia 5 de mar\u00e7o.<\/p>\n<p>Al\u00e9m de anunciar a PLR, Novaes disse \u201cap\u00f3s resultado fraco em gest\u00e3o petista, banco come\u00e7ou a escalada\u201d.<\/p>\n<p>\u201cNovaes demonstra, mais uma vez, seu despreparo para administrar o banco. Ele \u00e9 conhecido por suas declara\u00e7\u00f5es machistas e totalmente ideol\u00f3gicas. N\u00e3o consegue separar o que pensa e fala do que deveria ser as declara\u00e7\u00f5es de um executivo de um banco como o Banco do Brasil\u201d, criticou o coordenador da Comiss\u00e3o de Empresa dos Funcion\u00e1rios do Banco do Brasil (CEBB), Jo\u00e3o Fukunaga.<\/p>\n<p>\u201cO banco est\u00e1 perdendo em capilaridade. Somente com a reestrutura\u00e7\u00e3o atrapalhada que concentrou as ger\u00eancias PJs, em 2017, o banco perdeu 51% da carteira de cr\u00e9dito de micro e pequenas empresas. Nada disso foi em gest\u00e3o petista\u201d, lembrou. \u201cAssim como ele faz quando diz que a reestrutura\u00e7\u00e3o que reduz parte das gratifica\u00e7\u00f5es de fun\u00e7\u00e3o ser\u00e1 boa para os funcion\u00e1rios, agora ele faz uma manobra cont\u00e1bil para escamotear que o resultado \u00e9 maquiado com a ajuda de cr\u00e9ditos tribut\u00e1rios\u201d, completou.<\/p>\n<p>O representante dos trabalhadores ressaltou ainda que o Banco do Brasil est\u00e1 em mudan\u00e7a de car\u00e1ter de atua\u00e7\u00e3o. \u201cO banco est\u00e1 sendo preparado para a privatiza\u00e7\u00e3o. Reduzindo o quadro de pessoal, fechando ag\u00eancias, extinguindo departamentos, limitando a capacidade de fomento. Isso tira o car\u00e1ter p\u00fablico do banco e o aproxima de tudo aquilo que os bancos privados t\u00eam de ruim: se importam muito mais com o lucro do que com o atendimento das necessidades dos clientes\u201d, disse. \u201cSem contar o aumento das taxas e tarifas de servi\u00e7os. Tudo o que os privados t\u00eam de ruim o BB est\u00e1 copiando\u201d, completou.<\/p>\n<p>Segundo dados do Balan\u00e7o apresentado nesta quinta-feira, durante o ano de 2019, o banco havia reduzido seu quadro de funcion\u00e1rios em 3.699 postos de trabalho. No per\u00edodo, foram fechadas 366 ag\u00eancias.<\/p>\n<p>\u201cAs pessoas que necessitam da ag\u00eancia banc\u00e1ria precisam se deslocar por longas dist\u00e2ncias, muitas vezes t\u00eam que ir a outras cidades para poder contar com os servi\u00e7os banc\u00e1rios. Quando a encontram precisam enfrentar longas filas por causa da redu\u00e7\u00e3o de funcion\u00e1rios e da concentra\u00e7\u00e3o da demanda\u201d, disse Fukunaga ao refor\u00e7ar que a cada ano aumenta o n\u00famero de cidades sem nenhuma ag\u00eancia banc\u00e1ria.<\/p>\n<p>\u201cO servi\u00e7o banc\u00e1rio \u00e9 uma concess\u00e3o p\u00fablica. Os bancos t\u00eam papel social a cumprir. Um desses pap\u00e9is \u00e9 justamente o de garantir o acesso aos servi\u00e7os banc\u00e1rios para toda a popula\u00e7\u00e3o. Ao fechar ag\u00eancias e demitir funcion\u00e1rios o banco pode at\u00e9 economizar recursos e aumentar seus lucros. Mas, deixa de cumprir seu papel social. O Banco do Brasil, como banco p\u00fablico, deveria estar preocupado em atender a popula\u00e7\u00e3o com qualidade e respeito\u201d, concluiu.<\/p>\n<p><strong>Fonte: Contraf-CUT<\/strong><\/p>\n","protected":false},"excerpt":{"rendered":"<p>Logo ap\u00f3s o Banco do Brasil anunciar, nesta quinta-feira (13), um\u00a0lucro de R$ 18,162 bilh\u00f5es em 2019, o presidente do banco, Rubem Novaes, anunciou que a parcela referente ao segundo semestre de 2019 da Participa\u00e7\u00e3o nos Lucros e\/ou Resultados (PLR) ser\u00e1 paga aos funcion\u00e1rios no dia 5 de mar\u00e7o. Al\u00e9m de anunciar a PLR, Novaes [&hellip;]<\/p>\n","protected":false},"author":2,"featured_media":8389,"comment_status":"","ping_status":"","sticky":false,"template":"","format":"standard","meta":{"footnotes":""},"categories":[3],"tags":[],"class_list":["post-8390","post","type-post","status-publish","format-standard","has-post-thumbnail","hentry","category-noticias"],"_links":{"self":[{"href":"https:\/\/hostnetart.com.br\/baixada\/wp-json\/wp\/v2\/posts\/8390","targetHints":{"allow":["GET"]}}],"collection":[{"href":"https:\/\/hostnetart.com.br\/baixada\/wp-json\/wp\/v2\/posts"}],"about":[{"href":"https:\/\/hostnetart.com.br\/baixada\/wp-json\/wp\/v2\/types\/post"}],"author":[{"embeddable":true,"href":"https:\/\/hostnetart.com.br\/baixada\/wp-json\/wp\/v2\/users\/2"}],"replies":[{"embeddable":true,"href":"https:\/\/hostnetart.com.br\/baixada\/wp-json\/wp\/v2\/comments?post=8390"}],"version-history":[{"count":0,"href":"https:\/\/hostnetart.com.br\/baixada\/wp-json\/wp\/v2\/posts\/8390\/revisions"}],"wp:featuredmedia":[{"embeddable":true,"href":"https:\/\/hostnetart.com.br\/baixada\/wp-json\/wp\/v2\/media\/8389"}],"wp:attachment":[{"href":"https:\/\/hostnetart.com.br\/baixada\/wp-json\/wp\/v2\/media?parent=8390"}],"wp:term":[{"taxonomy":"category","embeddable":true,"href":"https:\/\/hostnetart.com.br\/baixada\/wp-json\/wp\/v2\/categories?post=8390"},{"taxonomy":"post_tag","embeddable":true,"href":"https:\/\/hostnetart.com.br\/baixada\/wp-json\/wp\/v2\/tags?post=8390"}],"curies":[{"name":"wp","href":"https:\/\/api.w.org\/{rel}","templated":true}]}}