{"id":839,"date":"2014-03-19T00:00:00","date_gmt":"2014-03-19T03:00:00","guid":{"rendered":"https:\/\/hostnetart.com.br\/baixada\/contraf-cut-apoia-chapa-1-nas-eleicoes-do-sindicato-de-sao-paulo\/"},"modified":"2014-03-19T00:00:00","modified_gmt":"2014-03-19T03:00:00","slug":"contraf-cut-apoia-chapa-1-nas-eleicoes-do-sindicato-de-sao-paulo","status":"publish","type":"post","link":"https:\/\/hostnetart.com.br\/baixada\/contraf-cut-apoia-chapa-1-nas-eleicoes-do-sindicato-de-sao-paulo\/","title":{"rendered":"Contraf-CUT apoia Chapa 1 nas elei\u00e7\u00f5es do Sindicato de S\u00e3o Paulo"},"content":{"rendered":"<p>A Contraf-CUT apoia a Chapa 1 \u2013 A Chapa do Sindicato nas elei\u00e7\u00f5es para a escolha da dire\u00e7\u00e3o do Sindicato dos Banc\u00e1rios de S\u00e3o Paulo, Osasco e Regi\u00e3o para o tri\u00eanio 2014\/2017. A vota\u00e7\u00e3o ser\u00e1 realizada na pr\u00f3xima semana, de 25 a 28 de mar\u00e7o.<\/p>\n<p>Liderada pela atual presidenta do Sindicato, Juvandia Moreira, a Chapa 1 \u00e9 a mais representativa dos banc\u00e1rios, pois conta com candidatos de bancos p\u00fablicos e privados e contempla as diversas regi\u00f5es da base territorial do Sindicato. Al\u00e9m disso, a Chapa 1 re\u00fane dirigentes sindicais experientes e candidatos que disputam pela primeira vez as elei\u00e7\u00f5es, unindo a compet\u00eancia de quem j\u00e1 provou o seu valor com a renova\u00e7\u00e3o saud\u00e1vel do movimento sindical. \u00c9 a chapa que quer mais lutas e conquistas ao lado dos banc\u00e1rios.<\/p>\n<p>\u201cO Sindicato de S\u00e3o Paulo, Osasco e Regi\u00e3o \u00e9 fundamental para a manuten\u00e7\u00e3o e amplia\u00e7\u00e3o da unidade nacional dos banc\u00e1rios, estrat\u00e9gia que permitiu importantes conquistas econ\u00f4micas e sociais para a categoria. A Chapa 1 \u00e9 formada por pessoas que participaram ativamente desse processo e compreendem a import\u00e2ncia da unidade nacional, que tornou os banc\u00e1rios uma refer\u00eancia para os trabalhadores de outros setores. Por isso, t\u00eam o nosso apoio integral\u201d, afirma Carlos Cordeiro, presidente da Contraf-CUT.<\/p>\n<p>Haver\u00e1 urnas fixas na entidade e outras itinerantes, percorrendo os locais de trabalho.<\/p>\n<p>Fonte: Contraf-CUT<\/p>\n","protected":false},"excerpt":{"rendered":"<p>A Contraf-CUT apoia a Chapa 1 \u2013 A Chapa do Sindicato nas elei\u00e7\u00f5es para a escolha da dire\u00e7\u00e3o do Sindicato dos Banc\u00e1rios de S\u00e3o Paulo, Osasco e Regi\u00e3o para o tri\u00eanio 2014\/2017. A vota\u00e7\u00e3o ser\u00e1 realizada na pr\u00f3xima semana, de 25 a 28 de mar\u00e7o. Liderada pela atual presidenta do Sindicato, Juvandia Moreira, a Chapa [&hellip;]<\/p>\n","protected":false},"author":1,"featured_media":0,"comment_status":"","ping_status":"","sticky":false,"template":"","format":"standard","meta":{"footnotes":""},"categories":[3],"tags":[],"class_list":["post-839","post","type-post","status-publish","format-standard","hentry","category-noticias"],"_links":{"self":[{"href":"https:\/\/hostnetart.com.br\/baixada\/wp-json\/wp\/v2\/posts\/839","targetHints":{"allow":["GET"]}}],"collection":[{"href":"https:\/\/hostnetart.com.br\/baixada\/wp-json\/wp\/v2\/posts"}],"about":[{"href":"https:\/\/hostnetart.com.br\/baixada\/wp-json\/wp\/v2\/types\/post"}],"author":[{"embeddable":true,"href":"https:\/\/hostnetart.com.br\/baixada\/wp-json\/wp\/v2\/users\/1"}],"replies":[{"embeddable":true,"href":"https:\/\/hostnetart.com.br\/baixada\/wp-json\/wp\/v2\/comments?post=839"}],"version-history":[{"count":0,"href":"https:\/\/hostnetart.com.br\/baixada\/wp-json\/wp\/v2\/posts\/839\/revisions"}],"wp:attachment":[{"href":"https:\/\/hostnetart.com.br\/baixada\/wp-json\/wp\/v2\/media?parent=839"}],"wp:term":[{"taxonomy":"category","embeddable":true,"href":"https:\/\/hostnetart.com.br\/baixada\/wp-json\/wp\/v2\/categories?post=839"},{"taxonomy":"post_tag","embeddable":true,"href":"https:\/\/hostnetart.com.br\/baixada\/wp-json\/wp\/v2\/tags?post=839"}],"curies":[{"name":"wp","href":"https:\/\/api.w.org\/{rel}","templated":true}]}}