{"id":8388,"date":"2020-02-18T14:41:22","date_gmt":"2020-02-18T17:41:22","guid":{"rendered":"https:\/\/hostnetart.com.br\/baixada\/bancarios-pulam-carnaval-por-todo-o-brasil\/"},"modified":"2020-02-18T14:41:22","modified_gmt":"2020-02-18T17:41:22","slug":"bancarios-pulam-carnaval-por-todo-o-brasil","status":"publish","type":"post","link":"https:\/\/hostnetart.com.br\/baixada\/bancarios-pulam-carnaval-por-todo-o-brasil\/","title":{"rendered":"Banc\u00e1rios pulam carnaval por todo o Brasil"},"content":{"rendered":"<p>Ao contr\u00e1rio do que acredita o atual governo, os trabalhadores podem sim se divertir e \u00e9 isso que muitos banc\u00e1rios far\u00e3o neste carnaval em diversos blocos organizados pelos seus sindicatos em todo pa\u00eds para que a categoria saia \u00e0s ruas pulando, brincando e se manifestando em favor dos direitos trabalhistas.<\/p>\n<h3>Minas Gerais<\/h3>\n<figure class=\"wp-block-image size-large\"><img decoding=\"async\" class=\"wp-image-277337 lazyloaded\" src=\"https:\/\/contrafcut.com.br\/wp-content\/uploads\/2020\/02\/blobobelohorizonte3.jpg?x18017\" sizes=\"(max-width: 2000px) 100vw, 2000px\" srcset=\"https:\/\/contrafcut.com.br\/wp-content\/uploads\/2020\/02\/blobobelohorizonte3.jpg 2000w, https:\/\/contrafcut.com.br\/wp-content\/uploads\/2020\/02\/blobobelohorizonte3-345x230.jpg 345w, https:\/\/contrafcut.com.br\/wp-content\/uploads\/2020\/02\/blobobelohorizonte3-165x110.jpg 165w, https:\/\/contrafcut.com.br\/wp-content\/uploads\/2020\/02\/blobobelohorizonte3-768x512.jpg 768w, https:\/\/contrafcut.com.br\/wp-content\/uploads\/2020\/02\/blobobelohorizonte3-1536x1024.jpg 1536w, https:\/\/contrafcut.com.br\/wp-content\/uploads\/2020\/02\/blobobelohorizonte3-750x500.jpg 750w\" alt=\"\" data-lazy-srcset=\"https:\/\/contrafcut.com.br\/wp-content\/uploads\/2020\/02\/blobobelohorizonte3.jpg 2000w, https:\/\/contrafcut.com.br\/wp-content\/uploads\/2020\/02\/blobobelohorizonte3-345x230.jpg 345w, https:\/\/contrafcut.com.br\/wp-content\/uploads\/2020\/02\/blobobelohorizonte3-165x110.jpg 165w, https:\/\/contrafcut.com.br\/wp-content\/uploads\/2020\/02\/blobobelohorizonte3-768x512.jpg 768w, https:\/\/contrafcut.com.br\/wp-content\/uploads\/2020\/02\/blobobelohorizonte3-1536x1024.jpg 1536w, https:\/\/contrafcut.com.br\/wp-content\/uploads\/2020\/02\/blobobelohorizonte3-750x500.jpg 750w\" data-lazy-sizes=\"(max-width: 2000px) 100vw, 2000px\" data-lazy-src=\"https:\/\/contrafcut.com.br\/wp-content\/uploads\/2020\/02\/blobobelohorizonte3.jpg?x18017\" data-was-processed=\"true\" \/><\/figure>\n<p>O primeiro a sair \u00e9 Bloco do Pirulito, que integra a programa\u00e7\u00e3o do Carnaval Sem Aids\/IST promovido pelo Sindicato dos Banc\u00e1rios de Belo Horizonte. Ele desfila nesta sexta-feira (14), \u00e0s 17h. O bloco volta a se reunir na pr\u00f3xima quinta-feira (12), em S\u00e3o Jo\u00e3o Del Rey, \u00e0s 19h.<\/p>\n<h3>S\u00e3o Paulo<\/h3>\n<p>O 12\u00ba Bloco dos Banc\u00e1rios desfila este ano com o tema \u2018Quero brincar meu Carnaval em paz\u2019, pelas ruas do centro de S\u00e3o Paulo com muita alegria, amor e respeito, pelo fim do ass\u00e9dio e de todas as formas de discrimina\u00e7\u00e3o!<\/p>\n<figure class=\"wp-block-image size-large\"><img decoding=\"async\" class=\"wp-image-277338 lazyloaded\" src=\"https:\/\/contrafcut.com.br\/wp-content\/uploads\/2020\/02\/bloco-sp.png?x18017\" sizes=\"(max-width: 683px) 100vw, 683px\" srcset=\"https:\/\/contrafcut.com.br\/wp-content\/uploads\/2020\/02\/bloco-sp.png 683w, https:\/\/contrafcut.com.br\/wp-content\/uploads\/2020\/02\/bloco-sp-379x230.png 379w\" alt=\"\" data-lazy-srcset=\"https:\/\/contrafcut.com.br\/wp-content\/uploads\/2020\/02\/bloco-sp.png 683w, https:\/\/contrafcut.com.br\/wp-content\/uploads\/2020\/02\/bloco-sp-379x230.png 379w\" data-lazy-sizes=\"(max-width: 683px) 100vw, 683px\" data-lazy-src=\"https:\/\/contrafcut.com.br\/wp-content\/uploads\/2020\/02\/bloco-sp.png?x18017\" data-was-processed=\"true\" \/><\/figure>\n<p>O tradicional desfile acontece na quinta-feira (20), a partir das 17h. A concentra\u00e7\u00e3o \u00e9 na Pra\u00e7a Antonio Prado, do ladinho da sede do sindicato, no Edif\u00edcio Martinelli.<\/p>\n<p>\u201cO Bloco dos Banc\u00e1rios j\u00e1 \u00e9 tradi\u00e7\u00e3o paulistana e em 12 anos abordou temas importantes para a categoria banc\u00e1ria e para a sociedade, com bom humor e irrever\u00eancia, mas sempre em defesa da democracia e dos direitos dos trabalhadores. A festa \u00e9 aberta \u00e0 toda popula\u00e7\u00e3o\u201d, convida o dirigente Marcelo Gon\u00e7alves, secret\u00e1rio de Cultura do Sindicato.<\/p>\n<h3>Bahia<\/h3>\n<p>O Carnaval bate na porta para os banc\u00e1rios associados ao Sindicato no primeiro dia de folia, que em Salvador come\u00e7a na quinta-feira (20), com a Lavagem do Beco das Quebran\u00e7as.<\/p>\n<p>Antes de lavarem o Beco \u2013 uma pequena rua localizada na frente do Sindicato \u2013 os banc\u00e1rios colocam o bloco na rua e seguem pelo circuito Osmar, o mais tradicional do Carnaval de Salvador. Uma fanfarra coloca todo mundo para dan\u00e7ar pela avenida. As baianas tamb\u00e9m marcam presen\u00e7a, com muita \u00e1gua de cheiro para abrir os caminhos de 2020.<\/p>\n<figure class=\"wp-block-image size-large\"><img decoding=\"async\" class=\"wp-image-277339 lazyloaded\" src=\"https:\/\/contrafcut.com.br\/wp-content\/uploads\/2020\/02\/bloco-salvador.jpg?x18017\" sizes=\"(max-width: 800px) 100vw, 800px\" srcset=\"https:\/\/contrafcut.com.br\/wp-content\/uploads\/2020\/02\/bloco-salvador.jpg 800w, https:\/\/contrafcut.com.br\/wp-content\/uploads\/2020\/02\/bloco-salvador-365x230.jpg 365w, https:\/\/contrafcut.com.br\/wp-content\/uploads\/2020\/02\/bloco-salvador-768x484.jpg 768w, https:\/\/contrafcut.com.br\/wp-content\/uploads\/2020\/02\/bloco-salvador-110x70.jpg 110w\" alt=\"\" data-lazy-srcset=\"https:\/\/contrafcut.com.br\/wp-content\/uploads\/2020\/02\/bloco-salvador.jpg 800w, https:\/\/contrafcut.com.br\/wp-content\/uploads\/2020\/02\/bloco-salvador-365x230.jpg 365w, https:\/\/contrafcut.com.br\/wp-content\/uploads\/2020\/02\/bloco-salvador-768x484.jpg 768w, https:\/\/contrafcut.com.br\/wp-content\/uploads\/2020\/02\/bloco-salvador-110x70.jpg 110w\" data-lazy-sizes=\"(max-width: 800px) 100vw, 800px\" data-lazy-src=\"https:\/\/contrafcut.com.br\/wp-content\/uploads\/2020\/02\/bloco-salvador.jpg?x18017\" data-was-processed=\"true\" \/><\/figure>\n<p>Sempre irreverente, o bloco dos banc\u00e1rios vem com o tema \u201cL\u00e1 vai o Brasil, descendo a ladeira\u201d. Em meio \u00e0 folia momesca, acontecer\u00e3o manifesta\u00e7\u00f5es contra a pol\u00edtica do governo Bolsonaro, que imp\u00f5e retrocessos aos brasileiros e entrega todo o patrim\u00f4nio nacional ao grande capital, sobretudo o financeiro. Tudo com muita anima\u00e7\u00e3o.<\/p>\n<p>A passagem dos banc\u00e1rios pelo circuito Osmar \u00e9 uma tradi\u00e7\u00e3o no Carnaval de Salvador. Por muitos anos, a categoria desfilava na sexta e s\u00e1bado, com o bloco Pr\u00e9-Datado. Antes, na quinta-feira, primeiro dia de folia, fazia o esquenta no Beco das Quebran\u00e7as. Da\u00ed surgiu a ideia da Lavagem que est\u00e1 na 24\u00aa edi\u00e7\u00e3o.<\/p>\n<h3>Paran\u00e1<\/h3>\n<figure class=\"wp-block-image size-large\"><img decoding=\"async\" class=\"wp-image-277340 lazyloaded\" src=\"https:\/\/contrafcut.com.br\/wp-content\/uploads\/2020\/02\/bloco-curitiba.jpg?x18017\" sizes=\"(max-width: 1999px) 100vw, 1999px\" srcset=\"https:\/\/contrafcut.com.br\/wp-content\/uploads\/2020\/02\/bloco-curitiba.jpg 1999w, https:\/\/contrafcut.com.br\/wp-content\/uploads\/2020\/02\/bloco-curitiba-345x230.jpg 345w, https:\/\/contrafcut.com.br\/wp-content\/uploads\/2020\/02\/bloco-curitiba-165x110.jpg 165w, https:\/\/contrafcut.com.br\/wp-content\/uploads\/2020\/02\/bloco-curitiba-768x512.jpg 768w, https:\/\/contrafcut.com.br\/wp-content\/uploads\/2020\/02\/bloco-curitiba-1536x1024.jpg 1536w, https:\/\/contrafcut.com.br\/wp-content\/uploads\/2020\/02\/bloco-curitiba-750x500.jpg 750w\" alt=\"\" data-lazy-srcset=\"https:\/\/contrafcut.com.br\/wp-content\/uploads\/2020\/02\/bloco-curitiba.jpg 1999w, https:\/\/contrafcut.com.br\/wp-content\/uploads\/2020\/02\/bloco-curitiba-345x230.jpg 345w, https:\/\/contrafcut.com.br\/wp-content\/uploads\/2020\/02\/bloco-curitiba-165x110.jpg 165w, https:\/\/contrafcut.com.br\/wp-content\/uploads\/2020\/02\/bloco-curitiba-768x512.jpg 768w, https:\/\/contrafcut.com.br\/wp-content\/uploads\/2020\/02\/bloco-curitiba-1536x1024.jpg 1536w, https:\/\/contrafcut.com.br\/wp-content\/uploads\/2020\/02\/bloco-curitiba-750x500.jpg 750w\" data-lazy-sizes=\"(max-width: 1999px) 100vw, 1999px\" data-lazy-src=\"https:\/\/contrafcut.com.br\/wp-content\/uploads\/2020\/02\/bloco-curitiba.jpg?x18017\" data-was-processed=\"true\" \/><\/figure>\n<p>Em Curitiba, os banc\u00e1rios se juntam no bloco Balan\u00e7a Povo que o de Cima Cai. Ele desfila no dia 20 de fevereiro, \u00e0s 16h30, em frente ao Gilda Bar, na rua C\u00e2ndido Lopes, 323, Centro.<\/p>\n<p><strong>Fonte: Contraf-CUT<\/strong><\/p>\n","protected":false},"excerpt":{"rendered":"<p>Ao contr\u00e1rio do que acredita o atual governo, os trabalhadores podem sim se divertir e \u00e9 isso que muitos banc\u00e1rios far\u00e3o neste carnaval em diversos blocos organizados pelos seus sindicatos em todo pa\u00eds para que a categoria saia \u00e0s ruas pulando, brincando e se manifestando em favor dos direitos trabalhistas. Minas Gerais O primeiro a [&hellip;]<\/p>\n","protected":false},"author":2,"featured_media":8387,"comment_status":"","ping_status":"","sticky":false,"template":"","format":"standard","meta":{"footnotes":""},"categories":[3],"tags":[],"class_list":["post-8388","post","type-post","status-publish","format-standard","has-post-thumbnail","hentry","category-noticias"],"_links":{"self":[{"href":"https:\/\/hostnetart.com.br\/baixada\/wp-json\/wp\/v2\/posts\/8388","targetHints":{"allow":["GET"]}}],"collection":[{"href":"https:\/\/hostnetart.com.br\/baixada\/wp-json\/wp\/v2\/posts"}],"about":[{"href":"https:\/\/hostnetart.com.br\/baixada\/wp-json\/wp\/v2\/types\/post"}],"author":[{"embeddable":true,"href":"https:\/\/hostnetart.com.br\/baixada\/wp-json\/wp\/v2\/users\/2"}],"replies":[{"embeddable":true,"href":"https:\/\/hostnetart.com.br\/baixada\/wp-json\/wp\/v2\/comments?post=8388"}],"version-history":[{"count":0,"href":"https:\/\/hostnetart.com.br\/baixada\/wp-json\/wp\/v2\/posts\/8388\/revisions"}],"wp:featuredmedia":[{"embeddable":true,"href":"https:\/\/hostnetart.com.br\/baixada\/wp-json\/wp\/v2\/media\/8387"}],"wp:attachment":[{"href":"https:\/\/hostnetart.com.br\/baixada\/wp-json\/wp\/v2\/media?parent=8388"}],"wp:term":[{"taxonomy":"category","embeddable":true,"href":"https:\/\/hostnetart.com.br\/baixada\/wp-json\/wp\/v2\/categories?post=8388"},{"taxonomy":"post_tag","embeddable":true,"href":"https:\/\/hostnetart.com.br\/baixada\/wp-json\/wp\/v2\/tags?post=8388"}],"curies":[{"name":"wp","href":"https:\/\/api.w.org\/{rel}","templated":true}]}}