{"id":838,"date":"2014-03-19T00:00:00","date_gmt":"2014-03-19T03:00:00","guid":{"rendered":"https:\/\/hostnetart.com.br\/baixada\/comando-aponta-avancos-e-limitacoes-no-projeto-piloto-de-seguranca\/"},"modified":"2014-03-19T00:00:00","modified_gmt":"2014-03-19T03:00:00","slug":"comando-aponta-avancos-e-limitacoes-no-projeto-piloto-de-seguranca","status":"publish","type":"post","link":"https:\/\/hostnetart.com.br\/baixada\/comando-aponta-avancos-e-limitacoes-no-projeto-piloto-de-seguranca\/","title":{"rendered":"Comando aponta avan\u00e7os e limita\u00e7\u00f5es no projeto-piloto de seguran\u00e7a"},"content":{"rendered":"<p>Em reuni\u00e3o realizada nesta ter\u00e7a-feira (18) com a Fenaban, em S\u00e3o Paulo, o Comando Nacional dos Banc\u00e1rios, coordenado pela Contraf-CUT, apontou avan\u00e7os e limita\u00e7\u00f5es no projeto-piloto de seguran\u00e7a banc\u00e1ria, implantado nas cidades de Recife, Olinda e Jaboat\u00e3o dos Guararapes. Foi a primeira reuni\u00e3o de acompanhamento nacional e contou com a participa\u00e7\u00e3o do Coletivo Nacional de Seguran\u00e7a Banc\u00e1ria.<\/p>\n<p>Conquistado nas negocia\u00e7\u00f5es da Campanha Nacional 2012, o protocolo foi assinado em 14 de maio do ano passado, na capital pernambucana, estabelecendo um prazo de 90 dias para instalar os equipamentos previstos, o que ocorreu. O per\u00edodo de vig\u00eancia do projeto-piloto \u00e9 de um ano, ou seja, at\u00e9 14 de agosto deste ano.<\/p>\n<p><strong>Avan\u00e7os<\/strong><\/p>\n<p>Os bancos implantaram equipamentos em 209 ag\u00eancias como portas girat\u00f3rias com detectores de metais, c\u00e2meras internas e externas, biombos em frente aos caixas, guarda-volumes e cofres com retardo. Os primeiros resultados revelam queda nos assaltos a bancos em Pernambuco e redu\u00e7\u00e3o nas ocorr\u00eancias de \u201csaidinha de banco\u201d nas tr\u00eas cidades, na compara\u00e7\u00e3o entre 2012 e 2013, conforme estat\u00edsticas da Secretaria de Defesa Social (SDS).<\/p>\n<p>Novos dados enviados pela SDS mostram que nos meses de janeiro e fevereiro deste ano houve em Recife uma diminui\u00e7\u00e3o de 30 para 22 casos de \u201csaidinha de banco\u201d em rela\u00e7\u00e3o ao ano passado, uma queda de 27%. O n\u00famero caiu tamb\u00e9m em Olinda no mesmo per\u00edodo de 9 para 6 ocorr\u00eancias, o que representa uma redu\u00e7\u00e3o de 33%, mas subiu em Jaboat\u00e3o de 1 para 4 registros, um aumento de 300%.<\/p>\n<p>\u201cA implanta\u00e7\u00e3o do projeto-piloto em Recife, fruto da lei municipal e da negocia\u00e7\u00e3o entre o Comando e a Fenaban, obrigou a instalar mecanismos de seguran\u00e7a que antes eram questionados pelos bancos, reduzindo j\u00e1 as ocorr\u00eancias, mas os n\u00fameros ainda s\u00e3o preocupantes e, por isso, precisam ser melhor estudados, a fim de identificar os problemas, buscando prevenir assaltos e proteger a vida das pessoas\u201d, afirma Carlos Cordeiro, presidente da Contraf-CUT e coordenador do Comando.<\/p>\n<p><strong>Limita\u00e7\u00f5es<\/strong><\/p>\n<p>H\u00e1 tamb\u00e9m v\u00e1rias limita\u00e7\u00f5es. Nem todos os estabelecimentos banc\u00e1rios foram abrangidos. \u201cJ\u00e1 ocorreram assaltos a ag\u00eancias de shopping e postos de atendimento, que n\u00e3o foram inclu\u00eddos pela Fenaban e se encontram desprotegidos das medidas do projeto-piloto\u201d, aponta Jo\u00e3o Rufino, diretor do Sindicato dos Banc\u00e1rios de Pernambuco.<\/p>\n<p>\u201cAs novas ag\u00eancias de neg\u00f3cios do Ita\u00fa e os postos de atendimento avan\u00e7ado do Bradesco, que n\u00e3o possuem equipamentos de seguran\u00e7a, tamb\u00e9m n\u00e3o integram o projeto-piloto, s\u00e3o vulner\u00e1veis e colocam em risco a vida de banc\u00e1rios e clientes\u201d, alerta Cordeiro.<\/p>\n<p>\u201cJ\u00e1 passamos da metade do tempo de vig\u00eancia do projeto-piloto e a experi\u00eancia vem sendo positiva, apesar das limita\u00e7\u00f5es existentes. No entanto, uma avalia\u00e7\u00e3o somente poder\u00e1 ser feita ao final do per\u00edodo\u201d, salienta Ademir Wiederkehr, secret\u00e1rio de imprensa da Contraf-CUT e coordenador do Coletivo Nacional de Seguran\u00e7a Banc\u00e1ria. \u201cA expectativa dos banc\u00e1rios \u00e9 inserir as medidas testadas e aprovadas na pr\u00f3xima conven\u00e7\u00e3o coletiva e melhorar a seguran\u00e7a de trabalhadores e clientes\u201d, enfatiza.<\/p>\n<p><strong>Pr\u00f3ximos passos<\/strong><\/p>\n<p>A Fenaban defendeu a realiza\u00e7\u00e3o de novo projeto-piloto para testar os mesmos procedimentos em outras cidades no pa\u00eds. Para o presidente da Contraf-CUT, \u201cisso s\u00f3 faz sentido discutir se forem inclu\u00eddas medidas diferentes, como a instala\u00e7\u00e3o da porta girat\u00f3ria antes do autoatendimento, o monitoramento das imagens das c\u00e2meras em tempo real, a coloca\u00e7\u00e3o de divis\u00f3rias entre os caixas inclusive os eletr\u00f4nicos, a isen\u00e7\u00e3o das tarifas de transfer\u00eancia (TED e DOC), o fim da guarda das chaves pelos banc\u00e1rios e a fixa\u00e7\u00e3o de vidros blindados nas fachadas\u201d.<\/p>\n<p>Os banc\u00e1rios tamb\u00e9m reiteram a necessidade de participa\u00e7\u00e3o das entidades representativas dos vigilantes no acompanhamento do projeto-piloto.<\/p>\n<p><strong>Fenaban aponta 449 assaltos a bancos em 2013<\/strong><\/p>\n<p>A Fenaban informou na reuni\u00e3o a ocorr\u00eancia de 449 assaltos a ag\u00eancias e postos de atendimento, consumados ou n\u00e3o, no ano de 2013 em todo pa\u00eds. O acesso \u00e0s estat\u00edsticas semestrais dos bancos est\u00e1 garantido no item \u201cd\u201d da cl\u00e1usula 32\u00aa da conven\u00e7\u00e3o coletiva.<\/p>\n<p>\u201cEsse n\u00famero representa um aumento de 2,05% em rela\u00e7\u00e3o a 2012 e mant\u00e9m a tend\u00eancia de crescimento de assaltos iniciada em 2011, diante da falta de maiores investimentos dos bancos na preven\u00e7\u00e3o de a\u00e7\u00f5es criminosas e na prote\u00e7\u00e3o da vida das pessoas\u201d, avalia Cordeiro.<\/p>\n<p>Confira os n\u00fameros de assaltos j\u00e1 informados pela Fenaban:<\/p>\n<p>. 2000 \u2013 1.903<br \/>. 2001 \u2013 1.302<br \/>. 2002 \u2013 1.009<br \/>. 2003 \u2013 885<br \/>. 2004 \u2013 743<br \/>. 2005 \u2013 585<br \/>. 2006 \u2013 674<br \/>. 2007 \u2013 529<br \/>. 2008 \u2013 509<br \/>. 2009 \u2013 430<br \/>. 2010 \u2013 369<br \/>. 2011 \u2013 422<br \/>. 2012 \u2013 440<br \/>. 2013 \u2013 449<\/p>\n<p>\u201cMais uma vez, os bancos n\u00e3o apresentaram os n\u00fameros de arrombamentos de ag\u00eancias e postos de atendimento, que tamb\u00e9m provocam medo e sensa\u00e7\u00e3o de inseguran\u00e7a para banc\u00e1rios, vigilantes e clientes\u201d, ressalta Ademir.<\/p>\n<p>Fonte: Contraf-CUT<\/p>\n","protected":false},"excerpt":{"rendered":"<p>Em reuni\u00e3o realizada nesta ter\u00e7a-feira (18) com a Fenaban, em S\u00e3o Paulo, o Comando Nacional dos Banc\u00e1rios, coordenado pela Contraf-CUT, apontou avan\u00e7os e limita\u00e7\u00f5es no projeto-piloto de seguran\u00e7a banc\u00e1ria, implantado nas cidades de Recife, Olinda e Jaboat\u00e3o dos Guararapes. Foi a primeira reuni\u00e3o de acompanhamento nacional e contou com a participa\u00e7\u00e3o do Coletivo Nacional de [&hellip;]<\/p>\n","protected":false},"author":1,"featured_media":0,"comment_status":"","ping_status":"","sticky":false,"template":"","format":"standard","meta":{"footnotes":""},"categories":[3],"tags":[],"class_list":["post-838","post","type-post","status-publish","format-standard","hentry","category-noticias"],"_links":{"self":[{"href":"https:\/\/hostnetart.com.br\/baixada\/wp-json\/wp\/v2\/posts\/838","targetHints":{"allow":["GET"]}}],"collection":[{"href":"https:\/\/hostnetart.com.br\/baixada\/wp-json\/wp\/v2\/posts"}],"about":[{"href":"https:\/\/hostnetart.com.br\/baixada\/wp-json\/wp\/v2\/types\/post"}],"author":[{"embeddable":true,"href":"https:\/\/hostnetart.com.br\/baixada\/wp-json\/wp\/v2\/users\/1"}],"replies":[{"embeddable":true,"href":"https:\/\/hostnetart.com.br\/baixada\/wp-json\/wp\/v2\/comments?post=838"}],"version-history":[{"count":0,"href":"https:\/\/hostnetart.com.br\/baixada\/wp-json\/wp\/v2\/posts\/838\/revisions"}],"wp:attachment":[{"href":"https:\/\/hostnetart.com.br\/baixada\/wp-json\/wp\/v2\/media?parent=838"}],"wp:term":[{"taxonomy":"category","embeddable":true,"href":"https:\/\/hostnetart.com.br\/baixada\/wp-json\/wp\/v2\/categories?post=838"},{"taxonomy":"post_tag","embeddable":true,"href":"https:\/\/hostnetart.com.br\/baixada\/wp-json\/wp\/v2\/tags?post=838"}],"curies":[{"name":"wp","href":"https:\/\/api.w.org\/{rel}","templated":true}]}}