{"id":8376,"date":"2020-02-11T17:59:55","date_gmt":"2020-02-11T20:59:55","guid":{"rendered":"https:\/\/hostnetart.com.br\/baixada\/cee-caixa-orienta-os-empregados-a-aguardarem-a-negociacao-com-o-banco-antes-de-manifestar-interesses\/"},"modified":"2020-02-11T17:59:55","modified_gmt":"2020-02-11T20:59:55","slug":"cee-caixa-orienta-os-empregados-a-aguardarem-a-negociacao-com-o-banco-antes-de-manifestar-interesses","status":"publish","type":"post","link":"https:\/\/hostnetart.com.br\/baixada\/cee-caixa-orienta-os-empregados-a-aguardarem-a-negociacao-com-o-banco-antes-de-manifestar-interesses\/","title":{"rendered":"CEE\/Caixa orienta os empregados a aguardarem a negocia\u00e7\u00e3o com o banco antes de manifestar interesses"},"content":{"rendered":"<p>A dire\u00e7\u00e3o da Caixa estipulou, unilateralmente, um prazo para que os empregados interessados nas mudan\u00e7as de fun\u00e7\u00e3o e lota\u00e7\u00e3o, relacionadas a reestrutura\u00e7\u00e3o do banco, se manifestem at\u00e9 o dia 12 de fevereiro, \u00e0s 19h. A Comiss\u00e3o Executiva dos Empregados da Caixa (CEE\/Caixa) orienta os trabalhadores que aguardem e busquem retirar todas as d\u00favidas at\u00e9 que se encerre a\u00a0<a href=\"https:\/\/contrafcut.com.br\/noticias\/direcao-da-caixa-invalida-carreiras\/\" target=\"_blank\" rel=\"noopener noreferrer\">mesa de negocia\u00e7\u00e3o da Comiss\u00e3o com a dire\u00e7\u00e3o do banco, marcada para quarta-feira (12), \u00e0s 9h<\/a>, para fazerem a manifesta\u00e7\u00e3o. Aqueles que j\u00e1 optaram pela mudan\u00e7a, \u00e9 poss\u00edvel cancelar a decis\u00e3o e aguardar as respostas aos questionamentos.<\/p>\n<p>Segundo afirmou o coordenador da CEE\/Caixa, Dion\u00edsio Reis, os trabalhadores devem ter calma ao tomar a decis\u00e3o e refor\u00e7ou que a ordem de manifesta\u00e7\u00e3o n\u00e3o \u00e9 um crit\u00e9rio definitivo para a mudan\u00e7a. \u201cA Caixa estipulou o prazo para os trabalhadores antes da reuni\u00e3o que teremos nesta quarta-feira, isto mostra que ela n\u00e3o tem inten\u00e7\u00e3o em negociar. Ent\u00e3o, orientamos os trabalhadores que aguardem antes de tomarem a decis\u00e3o e tirem todas as d\u00favidas. Na reuni\u00e3o com a dire\u00e7\u00e3o, vamos buscar esclarecer todos os pontos que est\u00e3o gerando as d\u00favidas dos empregados\u201d, ressaltou.<\/p>\n<p>Por press\u00e3o da Confedera\u00e7\u00e3o Nacional dos Trabalhadores do Ramo Financeiro (Contraf-CUT), solicitando explica\u00e7\u00f5es e o cumprimento da cl\u00e1usula 48 do Acordo Coletivo de Trabalho sobre o processo de reestrutura\u00e7\u00e3o que exige negocia\u00e7\u00e3o pr\u00e9via, a reuni\u00e3o com a Caixa foi agendada pela dire\u00e7\u00e3o da institui\u00e7\u00e3o.<\/p>\n<p>Os empregados que ainda est\u00e3o com d\u00favidas com rela\u00e7\u00e3o \u00e0 reestrutura\u00e7\u00e3o e as manifesta\u00e7\u00f5es de mudan\u00e7as de fun\u00e7\u00e3o e lota\u00e7\u00e3o podem enviar as perguntas para a Comiss\u00e3o Executiva dos Empregados da Caixa responder junto \u00e0 dire\u00e7\u00e3o do banco.<\/p>\n<p><strong>Fonte: Contraf-CUT<\/strong><\/p>\n","protected":false},"excerpt":{"rendered":"<p>A dire\u00e7\u00e3o da Caixa estipulou, unilateralmente, um prazo para que os empregados interessados nas mudan\u00e7as de fun\u00e7\u00e3o e lota\u00e7\u00e3o, relacionadas a reestrutura\u00e7\u00e3o do banco, se manifestem at\u00e9 o dia 12 de fevereiro, \u00e0s 19h. A Comiss\u00e3o Executiva dos Empregados da Caixa (CEE\/Caixa) orienta os trabalhadores que aguardem e busquem retirar todas as d\u00favidas at\u00e9 que [&hellip;]<\/p>\n","protected":false},"author":2,"featured_media":8375,"comment_status":"","ping_status":"","sticky":false,"template":"","format":"standard","meta":{"footnotes":""},"categories":[3],"tags":[],"class_list":["post-8376","post","type-post","status-publish","format-standard","has-post-thumbnail","hentry","category-noticias"],"_links":{"self":[{"href":"https:\/\/hostnetart.com.br\/baixada\/wp-json\/wp\/v2\/posts\/8376","targetHints":{"allow":["GET"]}}],"collection":[{"href":"https:\/\/hostnetart.com.br\/baixada\/wp-json\/wp\/v2\/posts"}],"about":[{"href":"https:\/\/hostnetart.com.br\/baixada\/wp-json\/wp\/v2\/types\/post"}],"author":[{"embeddable":true,"href":"https:\/\/hostnetart.com.br\/baixada\/wp-json\/wp\/v2\/users\/2"}],"replies":[{"embeddable":true,"href":"https:\/\/hostnetart.com.br\/baixada\/wp-json\/wp\/v2\/comments?post=8376"}],"version-history":[{"count":0,"href":"https:\/\/hostnetart.com.br\/baixada\/wp-json\/wp\/v2\/posts\/8376\/revisions"}],"wp:featuredmedia":[{"embeddable":true,"href":"https:\/\/hostnetart.com.br\/baixada\/wp-json\/wp\/v2\/media\/8375"}],"wp:attachment":[{"href":"https:\/\/hostnetart.com.br\/baixada\/wp-json\/wp\/v2\/media?parent=8376"}],"wp:term":[{"taxonomy":"category","embeddable":true,"href":"https:\/\/hostnetart.com.br\/baixada\/wp-json\/wp\/v2\/categories?post=8376"},{"taxonomy":"post_tag","embeddable":true,"href":"https:\/\/hostnetart.com.br\/baixada\/wp-json\/wp\/v2\/tags?post=8376"}],"curies":[{"name":"wp","href":"https:\/\/api.w.org\/{rel}","templated":true}]}}