{"id":8374,"date":"2020-02-11T17:57:05","date_gmt":"2020-02-11T20:57:05","guid":{"rendered":"https:\/\/hostnetart.com.br\/baixada\/o-banco-do-brasil-e-fundamental-para-o-pais\/"},"modified":"2020-02-11T17:57:05","modified_gmt":"2020-02-11T20:57:05","slug":"o-banco-do-brasil-e-fundamental-para-o-pais","status":"publish","type":"post","link":"https:\/\/hostnetart.com.br\/baixada\/o-banco-do-brasil-e-fundamental-para-o-pais\/","title":{"rendered":"O Banco do Brasil \u00e9 fundamental para o pa\u00eds"},"content":{"rendered":"<p>O presidente do Banco do Brasil, Rubem Novaes, n\u00e3o esconde seu\u00a0<a href=\"https:\/\/www.poder360.com.br\/economia\/rubem-novaes-se-diz-favoravel-mas-nega-que-havera-privatizacao-do-bb\/\" target=\"_blank\" rel=\"noopener noreferrer\">desejo de ver o banco privatizado<\/a>. Para ele, o Banco do Brasil \u00e9 desnecess\u00e1rio. Diz que a Caixa Econ\u00f4mica Federal e o Banco Nacional de Desenvolvimento Econ\u00f4mico e Social (BNDES) suprem as necessidades de fomento do crescimento econ\u00f4mico e social do pa\u00eds.<\/p>\n<p>\u201cO que ele n\u00e3o diz \u00e9 que a Caixa tamb\u00e9m est\u00e1 sob ataque e passa por uma\u00a0<a href=\"https:\/\/contrafcut.com.br\/noticias\/trabalhadores-devem-reforcar-mobilizacao-contra-reestruturacao\/\" target=\"_blank\" rel=\"noopener noreferrer\">reestrutura\u00e7\u00e3o semelhante \u00e0 que ocorre no BB<\/a>. Tamb\u00e9m n\u00e3o diz que\u00a0<a href=\"https:\/\/gauchazh.clicrbs.com.br\/colunistas\/gisele-loeblein\/noticia\/2019\/05\/as-alternativas-para-driblar-falta-de-recursos-na-compra-de-maquinas-cjv6ukuum004401pejc9du6hy.html\" target=\"_blank\" rel=\"noopener noreferrer\">no BNDES h\u00e1 escassez de recursos<\/a>\u00a0e o banco vive sob constante ataque. Mudaram sua pol\u00edtica de atua\u00e7\u00e3o para tonar desinteressante a busca por fomentos do banco\u201d, criticou o coordenador da Comiss\u00e3o de Empresa dos Funcion\u00e1rios do Banco do Brasil (CEBB), Jo\u00e3o Fukunaga.<\/p>\n<p>Fukunaga explica que\u00a0<a href=\"https:\/\/www.redebrasilatual.com.br\/trabalho\/2020\/01\/reforma-administrativa-desmonte-atendimento\/\" target=\"_blank\" rel=\"noopener noreferrer\">\u00e9 a tal da reforma administrativa<\/a>, com a qual o governo quer reestruturar todas as empresas p\u00fablicas, estabelecer novas regras para contrata\u00e7\u00e3o, demiss\u00e3o e planos de carreiras. Al\u00e9m de limitar os \u201cgastos\u201d com a sa\u00fade dos funcion\u00e1rios, entre outros.<\/p>\n<p>Tamb\u00e9m querem mudar a pol\u00edtica de remunera\u00e7\u00e3o dos funcion\u00e1rios, com redu\u00e7\u00e3o de sal\u00e1rios e implanta\u00e7\u00e3o de sistema de b\u00f4nus por desempenho.<\/p>\n<p>\u201cO resultado desta pol\u00edtica, aplicada em todos os bancos p\u00fablicos, s\u00e3o as quedas das carteiras de cr\u00e9dito e as baixas taxas de investimento pelo Estado\u201d, explicou o coordenador da CEBB, acrescentando que os bancos regionais e estaduais, como o Banco do Nordeste, o Banco da Amaz\u00f4nia e o Banco do Par\u00e1 enfrentam a mesma situa\u00e7\u00e3o.<\/p>\n<h3><strong>Por que o BB \u00e9 fundamental<\/strong><\/h3>\n<p>Mas, para Fukunaga, a popula\u00e7\u00e3o e grande parte das empresas brasileiras precisam dos bancos e das empresas p\u00fablicas de uma forma geral. \u201cO Banco do Brasil \u00e9 o\u00a0<a href=\"https:\/\/www.beefpoint.com.br\/bb-perde-participacao-no-credito-rural\/\" target=\"_blank\" rel=\"noopener noreferrer\">respons\u00e1vel por aproximadamente 70% do cr\u00e9dito rural no pa\u00eds<\/a>. Isso significa que o banco financia o agroneg\u00f3cio, que \u00e9 quem ajuda a manter o equil\u00edbrio da balan\u00e7a comercial brasileira. Mas, mais importante ainda, \u00e9 quem financia a produ\u00e7\u00e3o dos alimentos que chegam \u00e0 mesa de todos os brasileiros. Sem o BB e a pol\u00edtica de incentivo rural dado pelo banco, os alimentos v\u00e3o ficar ainda mais caros\u201d, afirmou.<\/p>\n<p>\u201c\u00c9 por isso que lutamos contra a privatiza\u00e7\u00e3o do BB e tamb\u00e9m contra a pol\u00edtica de Estado m\u00ednimo, em implanta\u00e7\u00e3o pelo atual governo. Convocamos todos os funcion\u00e1rios do banco a se mobilizar e participar das atividades contra a venda do BB e toda essa pol\u00edtica do governo\u201d, concluiu o coordenador da CEBB.<\/p>\n<h3><strong>Para al\u00e9m dos bancos<\/strong><\/h3>\n<p>Mas, a pol\u00edtica aplicada pelo governo nos bancos p\u00fablicos n\u00e3o se restringe ao sistema financeiro. Petrobras, Eletrobras, Correios\u2026 todas as empresas p\u00fablicas vivem a mesma situa\u00e7\u00e3o.<\/p>\n<p>\u201cQuando o Rubem Novaes fala que o Banco do Brasil \u00e9 desnecess\u00e1rio, pois j\u00e1 existem outros bancos para suprir a demanda por bancos p\u00fablicos, precisamos analisar todo o contexto e ver que aqueles que ele diz que suprem as necessidades, tamb\u00e9m est\u00e3o sob ataque e que, na verdade, isso faz parte da pol\u00edtica de desmonte do Estado, para desobrig\u00e1-lo de oferecer servi\u00e7os p\u00fablicos para a popula\u00e7\u00e3o, que paga altos impostos justamente para ter esses servi\u00e7os\u201d, explicou o coordenador da CEBB.<\/p>\n<p><strong>Fonte: Contraf-CUT<\/strong><\/p>\n","protected":false},"excerpt":{"rendered":"<p>O presidente do Banco do Brasil, Rubem Novaes, n\u00e3o esconde seu\u00a0desejo de ver o banco privatizado. Para ele, o Banco do Brasil \u00e9 desnecess\u00e1rio. Diz que a Caixa Econ\u00f4mica Federal e o Banco Nacional de Desenvolvimento Econ\u00f4mico e Social (BNDES) suprem as necessidades de fomento do crescimento econ\u00f4mico e social do pa\u00eds. \u201cO que ele [&hellip;]<\/p>\n","protected":false},"author":2,"featured_media":8373,"comment_status":"","ping_status":"","sticky":false,"template":"","format":"standard","meta":{"footnotes":""},"categories":[3],"tags":[],"class_list":["post-8374","post","type-post","status-publish","format-standard","has-post-thumbnail","hentry","category-noticias"],"_links":{"self":[{"href":"https:\/\/hostnetart.com.br\/baixada\/wp-json\/wp\/v2\/posts\/8374","targetHints":{"allow":["GET"]}}],"collection":[{"href":"https:\/\/hostnetart.com.br\/baixada\/wp-json\/wp\/v2\/posts"}],"about":[{"href":"https:\/\/hostnetart.com.br\/baixada\/wp-json\/wp\/v2\/types\/post"}],"author":[{"embeddable":true,"href":"https:\/\/hostnetart.com.br\/baixada\/wp-json\/wp\/v2\/users\/2"}],"replies":[{"embeddable":true,"href":"https:\/\/hostnetart.com.br\/baixada\/wp-json\/wp\/v2\/comments?post=8374"}],"version-history":[{"count":0,"href":"https:\/\/hostnetart.com.br\/baixada\/wp-json\/wp\/v2\/posts\/8374\/revisions"}],"wp:featuredmedia":[{"embeddable":true,"href":"https:\/\/hostnetart.com.br\/baixada\/wp-json\/wp\/v2\/media\/8373"}],"wp:attachment":[{"href":"https:\/\/hostnetart.com.br\/baixada\/wp-json\/wp\/v2\/media?parent=8374"}],"wp:term":[{"taxonomy":"category","embeddable":true,"href":"https:\/\/hostnetart.com.br\/baixada\/wp-json\/wp\/v2\/categories?post=8374"},{"taxonomy":"post_tag","embeddable":true,"href":"https:\/\/hostnetart.com.br\/baixada\/wp-json\/wp\/v2\/tags?post=8374"}],"curies":[{"name":"wp","href":"https:\/\/api.w.org\/{rel}","templated":true}]}}