{"id":8372,"date":"2020-02-11T17:40:09","date_gmt":"2020-02-11T20:40:09","guid":{"rendered":"https:\/\/hostnetart.com.br\/baixada\/producao-industrial-oscila-nas-regioes-brasileiras-em-ano-negativo-para-o-setor\/"},"modified":"2020-02-11T17:40:09","modified_gmt":"2020-02-11T20:40:09","slug":"producao-industrial-oscila-nas-regioes-brasileiras-em-ano-negativo-para-o-setor","status":"publish","type":"post","link":"https:\/\/hostnetart.com.br\/baixada\/producao-industrial-oscila-nas-regioes-brasileiras-em-ano-negativo-para-o-setor\/","title":{"rendered":"Produ\u00e7\u00e3o industrial oscila nas regi\u00f5es brasileiras, em ano negativo para o setor"},"content":{"rendered":"<p><a href=\"https:\/\/www.redebrasilatual.com.br\/economia\/2020\/02\/com-retomada-e-apoio-do-setor-ao-governo-industria-sofre-queda-em-2019\/\" target=\"_blank\" rel=\"noopener noreferrer\">Em um ano com redu\u00e7\u00e3o da atividade industrial (-1,1%),<\/a>\u00a0a produ\u00e7\u00e3o caiu em sete dos 15 locais pesquisados pelo IBGE, com altas em outros sete e estabilidade (0,2%) no estado de S\u00e3o Paulo.\u00a0 As principais quedas em 2019 foram apuradas no Esp\u00edrito Santo (-15,7%) e em Minas Gerais (-5,6%). E as maiores altas, no Paran\u00e1 (5,7%) e no Amazonas (4%), conforme pesquisa divulgada nesta ter\u00e7a-feira (11).<\/p>\n<p>Em dezembro, na compara\u00e7\u00e3o com igual m\u00eas de 2018, a atividade cai 1,2%, tamb\u00e9m com recuo em sete locais e novamente com destaque para Esp\u00edrito Santo (-24,8%) e Minas Gerais (-13,6%). Em S\u00e3o Paulo, a retra\u00e7\u00e3o foi de 1,6%. O IBGE apurou alta no Amazonas (12,2%), no Rio de Janeiro e no Cear\u00e1 (4,5% nos dois casos), entre outros.<\/p>\n<p>J\u00e1 na passagem de novembro para dezembro, quando houve queda de 0,7%, o instituto registrou resultado negativo em 12 dos 15 locais. Os mais acentuados foram em Mato Grosso (-4,7%), no Rio de Janeiro (-4,3%) e em Minas Gerais (-4,1%). Houve recuo de 0,9% em S\u00e3o Paulo. Entre as altas, Paran\u00e1 (4,8%) e Par\u00e1 (2,9%).<\/p>\n<h5>Qualifica\u00e7\u00e3o<\/h5>\n<p>Segundo pesquisa divulgada hoje pela Confedera\u00e7\u00e3o Nacional da Ind\u00fastria (CNI), cinco em cada 10 empresas t\u00eam problemas com falta de trabalhadores qualificados. Essa porcentagem era de 66% em 2013, quando a taxa de desemprego era menor. Segundo a entidade, esse problema \u201cdeve se agravar \u00e0 medida que aumentar o ritmo de expans\u00e3o da economia e se tornar\u00e1 um dos principais obst\u00e1culos ao crescimento da produtividade e da competitividade do pa\u00eds\u201d. A pesquisa foi feita com 1.946 ind\u00fastrias.<\/p>\n<p>\u201cDe imediato, \u00e9 necess\u00e1rio um esfor\u00e7o de qualifica\u00e7\u00e3o e de requalifica\u00e7\u00e3o da for\u00e7a de trabalho. No longo prazo, \u00e9 preciso intensificar os esfor\u00e7os para melhorar a qualidade da educa\u00e7\u00e3o b\u00e1sica no Brasil, priorizando a educa\u00e7\u00e3o profissional\u201d, afirma a CNI. Na\u00a0ind\u00fastria de transforma\u00e7\u00e3o, segundo a confedera\u00e7\u00e3o, o setor que mais enfrenta problemas \u00e9 o de biocombust\u00edveis. Em seguida, vem o setor de m\u00f3veis. Em terceiro, vestu\u00e1rio e produtos de borracha.<\/p>\n<p>Entre as empresas que pontam dificuldades, a principal ocupa\u00e7\u00e3o procurada \u00e9 a de operador. Depois v\u00eam trabalhadores de n\u00edvel t\u00e9cnico, profissionais para vendas e marketing, administrativos, engenharia, gerencial e pesquisa e desenvolvimento.<\/p>\n<p><strong>Fonte: Rede Brasil Atual<\/strong><\/p>\n","protected":false},"excerpt":{"rendered":"<p>Em um ano com redu\u00e7\u00e3o da atividade industrial (-1,1%),\u00a0a produ\u00e7\u00e3o caiu em sete dos 15 locais pesquisados pelo IBGE, com altas em outros sete e estabilidade (0,2%) no estado de S\u00e3o Paulo.\u00a0 As principais quedas em 2019 foram apuradas no Esp\u00edrito Santo (-15,7%) e em Minas Gerais (-5,6%). E as maiores altas, no Paran\u00e1 (5,7%) [&hellip;]<\/p>\n","protected":false},"author":2,"featured_media":8371,"comment_status":"","ping_status":"","sticky":false,"template":"","format":"standard","meta":{"footnotes":""},"categories":[3],"tags":[],"class_list":["post-8372","post","type-post","status-publish","format-standard","has-post-thumbnail","hentry","category-noticias"],"_links":{"self":[{"href":"https:\/\/hostnetart.com.br\/baixada\/wp-json\/wp\/v2\/posts\/8372","targetHints":{"allow":["GET"]}}],"collection":[{"href":"https:\/\/hostnetart.com.br\/baixada\/wp-json\/wp\/v2\/posts"}],"about":[{"href":"https:\/\/hostnetart.com.br\/baixada\/wp-json\/wp\/v2\/types\/post"}],"author":[{"embeddable":true,"href":"https:\/\/hostnetart.com.br\/baixada\/wp-json\/wp\/v2\/users\/2"}],"replies":[{"embeddable":true,"href":"https:\/\/hostnetart.com.br\/baixada\/wp-json\/wp\/v2\/comments?post=8372"}],"version-history":[{"count":0,"href":"https:\/\/hostnetart.com.br\/baixada\/wp-json\/wp\/v2\/posts\/8372\/revisions"}],"wp:featuredmedia":[{"embeddable":true,"href":"https:\/\/hostnetart.com.br\/baixada\/wp-json\/wp\/v2\/media\/8371"}],"wp:attachment":[{"href":"https:\/\/hostnetart.com.br\/baixada\/wp-json\/wp\/v2\/media?parent=8372"}],"wp:term":[{"taxonomy":"category","embeddable":true,"href":"https:\/\/hostnetart.com.br\/baixada\/wp-json\/wp\/v2\/categories?post=8372"},{"taxonomy":"post_tag","embeddable":true,"href":"https:\/\/hostnetart.com.br\/baixada\/wp-json\/wp\/v2\/tags?post=8372"}],"curies":[{"name":"wp","href":"https:\/\/api.w.org\/{rel}","templated":true}]}}