{"id":8364,"date":"2020-02-11T14:33:37","date_gmt":"2020-02-11T17:33:37","guid":{"rendered":"https:\/\/hostnetart.com.br\/baixada\/direcao-da-caixa-invalida-carreiras\/"},"modified":"2020-02-11T14:33:37","modified_gmt":"2020-02-11T17:33:37","slug":"direcao-da-caixa-invalida-carreiras","status":"publish","type":"post","link":"https:\/\/hostnetart.com.br\/baixada\/direcao-da-caixa-invalida-carreiras\/","title":{"rendered":"Dire\u00e7\u00e3o da Caixa invalida carreiras"},"content":{"rendered":"<p>A dire\u00e7\u00e3o da Caixa ignora o processo negocial com os trabalhadores e al\u00e9m de anunciar seu projeto de reestrutura\u00e7\u00e3o limita prazos de inscri\u00e7\u00e3o para os empregados antes da data agendada pelo banco para tratar do assunto. Nesta segunda-feira (10), dois dias antes da mesa de negocia\u00e7\u00e3o, o banco divulgou uma apresenta\u00e7\u00e3o com as altera\u00e7\u00f5es e os prazos que no caso do regional \u00e9 hoje at\u00e9 \u00e0s 20h. A reuni\u00e3o de quarta-feira (12) foi agendada pela pr\u00f3pria dire\u00e7\u00e3o do banco p\u00fablico, em resposta aos of\u00edcios enviados pela Confedera\u00e7\u00e3o Nacional dos Trabalhadores do Ramo Financeiro (Contraf-CUT) cobrando explica\u00e7\u00f5es e cumprimento da cl\u00e1usula 48 do ACT sobre o processo de reestrutura\u00e7\u00e3o, que exige pr\u00e9via negocia\u00e7\u00e3o.<\/p>\n<p>\u201cA Caixa marcou uma reuni\u00e3o conosco para quarta-feira, mas hoje solta essa apresenta\u00e7\u00e3o na qual d\u00e1 um prazo que os empregados interessados em mudan\u00e7as na nova rede de varejo se manifestar entre hoje e amanh\u00e3? \u00c9 um completo desrespeito com os empregados\u201d, cobrou Dion\u00edsio Reis, coordenador da Comiss\u00e3o Executiva dos Empregados (CEE) da Caixa.<\/p>\n<p>A reestrutura\u00e7\u00e3o \u00e9 um processo de descomissionamneto sum\u00e1rio, com novos processos seletivos e novos crit\u00e9rios, os empregados chamam de Revalida, que excluem quem est\u00e1 de licen\u00e7a maternidade, licen\u00e7a-m\u00e9dica ou de f\u00e9rias. Exclui tamb\u00e9m quem esteve de licen\u00e7a e n\u00e3o participou dos ciclos da Gest\u00e3o de Desempenho de Pessoas (GDP) nos \u00faltimos per\u00edodos. Segundo a apresenta\u00e7\u00e3o do banco ser\u00e1 uma dan\u00e7a das cadeiras que os cargos superiores ter\u00e3o prioridade. Nesse processo a Caixa rebaixa os trabalhadores sem garantir lisura em nenhum processo e discriminando milhares de trabalhadores.<\/p>\n<h3>Estabilidade remunerat\u00f3ria<\/h3>\n<p>Bom lembrar que os empregados t\u00eam um direito que vem da constitui\u00e7\u00e3o e que para os empregados foi firmado no normativo RH 151 que a dire\u00e7\u00e3o do banco tentou revogar no dia 9 de novembro de 2017, v\u00e9spera da entrada em vigor da reforma trabalhista. Mas a\u00e7\u00e3o da Contraf-CUT garantiu a manuten\u00e7\u00e3o por liminar do RH e do direito a incorpora\u00e7\u00e3o de fun\u00e7\u00e3o para os trabalhadores que desempenharam por 10 anos, essa a\u00e7\u00e3o aguarda senten\u00e7a e discute a incorpora\u00e7\u00e3o da norma mais ben\u00e9fica ao contrato de trabalho dos empregados.<\/p>\n<h3>Dia 13 vista preto para defender a Caixa e seus direitos<\/h3>\n<p>Na pr\u00f3xima quinta-feira (13), os empregados da Caixa se mobilizam no Dia Nacional de Luta contra a Reestrutura\u00e7\u00e3o. \u201c\u00c9 fundamental que o maior n\u00famero de empregados participe dessas mobiliza\u00e7\u00f5es para debater o processo e encontrar formas de barrar essas mudan\u00e7as que certamente est\u00e3o impactando negativamente os trabalhadores, que ser\u00e3o afetados por mais uma reestrutura\u00e7\u00e3o do banco. Est\u00e1 claro que a dire\u00e7\u00e3o n\u00e3o respeita os empregados. S\u00f3 unidos vamos mostrar nossa for\u00e7a\u201d, convocou Dion\u00edsio Reis, coordenador da CEE\/ Caixa. #ACaixa\u00c9todaSua<\/p>\n<p><strong>Fonte: Contraf-CUT<\/strong><\/p>\n","protected":false},"excerpt":{"rendered":"<p>A dire\u00e7\u00e3o da Caixa ignora o processo negocial com os trabalhadores e al\u00e9m de anunciar seu projeto de reestrutura\u00e7\u00e3o limita prazos de inscri\u00e7\u00e3o para os empregados antes da data agendada pelo banco para tratar do assunto. Nesta segunda-feira (10), dois dias antes da mesa de negocia\u00e7\u00e3o, o banco divulgou uma apresenta\u00e7\u00e3o com as altera\u00e7\u00f5es e [&hellip;]<\/p>\n","protected":false},"author":2,"featured_media":8363,"comment_status":"","ping_status":"","sticky":false,"template":"","format":"standard","meta":{"footnotes":""},"categories":[3],"tags":[],"class_list":["post-8364","post","type-post","status-publish","format-standard","has-post-thumbnail","hentry","category-noticias"],"_links":{"self":[{"href":"https:\/\/hostnetart.com.br\/baixada\/wp-json\/wp\/v2\/posts\/8364","targetHints":{"allow":["GET"]}}],"collection":[{"href":"https:\/\/hostnetart.com.br\/baixada\/wp-json\/wp\/v2\/posts"}],"about":[{"href":"https:\/\/hostnetart.com.br\/baixada\/wp-json\/wp\/v2\/types\/post"}],"author":[{"embeddable":true,"href":"https:\/\/hostnetart.com.br\/baixada\/wp-json\/wp\/v2\/users\/2"}],"replies":[{"embeddable":true,"href":"https:\/\/hostnetart.com.br\/baixada\/wp-json\/wp\/v2\/comments?post=8364"}],"version-history":[{"count":0,"href":"https:\/\/hostnetart.com.br\/baixada\/wp-json\/wp\/v2\/posts\/8364\/revisions"}],"wp:featuredmedia":[{"embeddable":true,"href":"https:\/\/hostnetart.com.br\/baixada\/wp-json\/wp\/v2\/media\/8363"}],"wp:attachment":[{"href":"https:\/\/hostnetart.com.br\/baixada\/wp-json\/wp\/v2\/media?parent=8364"}],"wp:term":[{"taxonomy":"category","embeddable":true,"href":"https:\/\/hostnetart.com.br\/baixada\/wp-json\/wp\/v2\/categories?post=8364"},{"taxonomy":"post_tag","embeddable":true,"href":"https:\/\/hostnetart.com.br\/baixada\/wp-json\/wp\/v2\/tags?post=8364"}],"curies":[{"name":"wp","href":"https:\/\/api.w.org\/{rel}","templated":true}]}}