{"id":8362,"date":"2020-02-11T00:36:30","date_gmt":"2020-02-11T03:36:30","guid":{"rendered":"https:\/\/hostnetart.com.br\/baixada\/bradesco-atende-pedido-da-contraf-cut-e-pagara-plr-nesta-terca-11\/"},"modified":"2020-02-11T00:36:30","modified_gmt":"2020-02-11T03:36:30","slug":"bradesco-atende-pedido-da-contraf-cut-e-pagara-plr-nesta-terca-11","status":"publish","type":"post","link":"https:\/\/hostnetart.com.br\/baixada\/bradesco-atende-pedido-da-contraf-cut-e-pagara-plr-nesta-terca-11\/","title":{"rendered":"Bradesco atende pedido da Contraf-CUT e pagar\u00e1 PLR nesta ter\u00e7a (11)"},"content":{"rendered":"<div class=\"elementor-element elementor-element-194680ec elementor-widget elementor-widget-theme-post-content\" data-id=\"194680ec\" data-element_type=\"widget\" data-widget_type=\"theme-post-content.default\">\n<div class=\"elementor-widget-container\">\n<p>O banco Bradesco atendeu \u00e0 solicita\u00e7\u00e3o da Confedera\u00e7\u00e3o Nacional dos Trabalhadores do Ramo Financeiro (Contraf-CUT), federa\u00e7\u00f5es e sindicatos e pagar\u00e1 a parcela final da Participa\u00e7\u00e3o nos Lucros e Resultados (PLR) nesta ter\u00e7a-feira (11). A <a href=\"https:\/\/contrafcut.com.br\/noticias\/contraf-cut-solicita-aos-bancos-a-antecipacao-da-plr\/\">solicita\u00e7\u00e3o pela Contraf-CUT<\/a> foi feita na quinta-feira (6).<\/p>\n<p>A Conven\u00e7\u00e3o Coletiva de Trabalho dos banc\u00e1rios estabelece que a PLR seja paga at\u00e9 o dia 3 de mar\u00e7o.<\/p>\n<p>Al\u00e9m do Bradesco, ap\u00f3s a solicita\u00e7\u00e3o da Contraf-CUT, outros dois bancos j\u00e1 anunciaram as datas de pagamento da PLR. O Safra pagar\u00e1 no dia 20 e o Santander no dia 28.<\/p>\n<p>O pagamento da PLR \u00e9 uma conquista do movimento sindical, n\u00e3o \u00e9 um benef\u00edcio. A Contraf-CUT lan\u00e7ou uma campanha para informar a categoria sobre as conquistas obtidas pelo movimento e valorizar a atua\u00e7\u00e3o dos sindicatos. <a href=\"https:\/\/contrafcut.com.br\/fecha-com-a-gente\/\">#FechaComAGente<\/a> <a href=\"https:\/\/contrafcut.com.br\/querosin\/\">#QueroSin<\/a><\/p>\n<h3><strong>Valores<\/strong><\/h3>\n<p>Os valores s\u00e3o compostos pela soma da regra b\u00e1sica e da parcela adicional.<\/p>\n<p>A regra b\u00e1sica corresponde a 90% do sal\u00e1rio-base mais verbas fixas de natureza salarial. Al\u00e9m disso, soma-se tamb\u00e9m um valor fixo de R$ 2.457,29. O valor individual limita-se a R$ 13.182,18. Se o total apurado na aplica\u00e7\u00e3o da Regra B\u00e1sica ficar abaixo de 5% do lucro l\u00edquido apurado no exerc\u00edcio de 2019, o valor ser\u00e1 majorado at\u00e9 que se atinja esse percentual ou ser\u00e1 pago 2,2 sal\u00e1rios do empregado, com limite de R$ 29.000,77, o que ocorrer primeiro.<\/p>\n<p>A parcela adicional \u00e9 a divis\u00e3o linear de 2,2% do lucro l\u00edquido apurado em 2019, dividido pelo n\u00famero total de empregados eleg\u00edveis de acordo com as regras da CCT, em partes iguais, at\u00e9 o limite individual de R$ 4.914,59.<\/p>\n<p>Os valores individuais relativos \u00e0 parcela adicional n\u00e3o s\u00e3o compens\u00e1veis com valores devidos em raz\u00e3o de planos espec\u00edficos, mas aqueles referentes \u00e0 regra b\u00e1sica podem, dependendo do que \u00e9 definido pelo acordo espec\u00edfico do banco.<\/p>\n<p>Lembrando que se trata da segunda parcela. Portanto, s\u00e3o descontados os valores pagos na antecipa\u00e7\u00e3o.<\/p>\n<p><strong>Fonte: Contraf-CUT<\/strong><\/p>\n<\/div>\n<\/div>\n","protected":false},"excerpt":{"rendered":"<p>O banco Bradesco atendeu \u00e0 solicita\u00e7\u00e3o da Confedera\u00e7\u00e3o Nacional dos Trabalhadores do Ramo Financeiro (Contraf-CUT), federa\u00e7\u00f5es e sindicatos e pagar\u00e1 a parcela final da Participa\u00e7\u00e3o nos Lucros e Resultados (PLR) nesta ter\u00e7a-feira (11). A solicita\u00e7\u00e3o pela Contraf-CUT foi feita na quinta-feira (6). A Conven\u00e7\u00e3o Coletiva de Trabalho dos banc\u00e1rios estabelece que a PLR seja paga [&hellip;]<\/p>\n","protected":false},"author":2,"featured_media":8361,"comment_status":"","ping_status":"","sticky":false,"template":"","format":"standard","meta":{"footnotes":""},"categories":[3],"tags":[],"class_list":["post-8362","post","type-post","status-publish","format-standard","has-post-thumbnail","hentry","category-noticias"],"_links":{"self":[{"href":"https:\/\/hostnetart.com.br\/baixada\/wp-json\/wp\/v2\/posts\/8362","targetHints":{"allow":["GET"]}}],"collection":[{"href":"https:\/\/hostnetart.com.br\/baixada\/wp-json\/wp\/v2\/posts"}],"about":[{"href":"https:\/\/hostnetart.com.br\/baixada\/wp-json\/wp\/v2\/types\/post"}],"author":[{"embeddable":true,"href":"https:\/\/hostnetart.com.br\/baixada\/wp-json\/wp\/v2\/users\/2"}],"replies":[{"embeddable":true,"href":"https:\/\/hostnetart.com.br\/baixada\/wp-json\/wp\/v2\/comments?post=8362"}],"version-history":[{"count":0,"href":"https:\/\/hostnetart.com.br\/baixada\/wp-json\/wp\/v2\/posts\/8362\/revisions"}],"wp:featuredmedia":[{"embeddable":true,"href":"https:\/\/hostnetart.com.br\/baixada\/wp-json\/wp\/v2\/media\/8361"}],"wp:attachment":[{"href":"https:\/\/hostnetart.com.br\/baixada\/wp-json\/wp\/v2\/media?parent=8362"}],"wp:term":[{"taxonomy":"category","embeddable":true,"href":"https:\/\/hostnetart.com.br\/baixada\/wp-json\/wp\/v2\/categories?post=8362"},{"taxonomy":"post_tag","embeddable":true,"href":"https:\/\/hostnetart.com.br\/baixada\/wp-json\/wp\/v2\/tags?post=8362"}],"curies":[{"name":"wp","href":"https:\/\/api.w.org\/{rel}","templated":true}]}}