{"id":8358,"date":"2020-02-07T14:36:37","date_gmt":"2020-02-07T17:36:37","guid":{"rendered":"https:\/\/hostnetart.com.br\/baixada\/banco-central-reduz-taxa-de-juros-para-4-25-ao-ano\/"},"modified":"2020-02-07T14:36:37","modified_gmt":"2020-02-07T17:36:37","slug":"banco-central-reduz-taxa-de-juros-para-4-25-ao-ano","status":"publish","type":"post","link":"https:\/\/hostnetart.com.br\/baixada\/banco-central-reduz-taxa-de-juros-para-4-25-ao-ano\/","title":{"rendered":"Banco Central reduz taxa de juros para 4,25% ao ano"},"content":{"rendered":"<p>Na primeira reuni\u00e3o de 2020, o Comit\u00ea de Pol\u00edtica Monet\u00e1ria (Copom), do Banco Central, confirmou as expectativas do mercado e reduziu a taxa b\u00e1sica de juros, a Selic, em 0,25 ponto percentual, para 4,25% ao ano. A decis\u00e3o foi un\u00e2nime e p\u00f5e fim ao<a href=\"https:\/\/www.redebrasilatual.com.br\/economia\/2019\/10\/copom-reduz-selic-pela-terceira-vez-seguida-para-5-ao-ano\/\" target=\"_blank\" rel=\"noopener noreferrer\"> ciclo de redu\u00e7\u00e3o da taxa<\/a>, iniciado em julho do ano passado.<\/p>\n<p>O comit\u00ea entende que essa decis\u00e3o reflete uma situa\u00e7\u00e3o compat\u00edvel com a converg\u00eancia da infla\u00e7\u00e3o para a meta no horizonte relevante para a <a href=\"https:\/\/www.redebrasilatual.com.br\/economia\/2018\/04\/desafios-da-gestao-da-politica-monetaria-no-brasil-juros-inflacao-e-credito\/\" target=\"_blank\" rel=\"noopener noreferrer\">condu\u00e7\u00e3o da pol\u00edtica monet\u00e1ria<\/a>, que inclui o ano-calend\u00e1rio de 2020 e, com peso crescente, o de 2021.<\/p>\n<p>A decis\u00e3o foi estimulada pelos dados de atividade econ\u00f4mica divulgados desde a \u00faltima reuni\u00e3o, que para o \u00f3rg\u00e3o indicam a continuidade do processo de <a href=\"https:\/\/www.redebrasilatual.com.br\/economia\/2020\/01\/economia-demanda-investimentos\/\" target=\"_blank\" rel=\"noopener noreferrer\">recupera\u00e7\u00e3o gradual da economia<\/a> brasileira.<\/p>\n<p>\u201cNo cen\u00e1rio externo, apesar do recente aumento de incerteza, o car\u00e1ter acomodat\u00edcio da pol\u00edtica monet\u00e1ria nas principais economias ainda tem sido capaz de produzir ambiente relativamente favor\u00e1vel para economias emergentes\u201d, afirma o comit\u00ea em nota.<\/p>\n<p>As expectativas de infla\u00e7\u00e3o para 2020, 2021 e 2022 apuradas pela pesquisa Focus encontram-se em torno de 3,4%, 3,75% e 3,5%, respectivamente.<\/p>\n<p>No cen\u00e1rio h\u00edbrido com trajet\u00f3ria para a taxa de juros extra\u00edda da pesquisa Focus e taxa de c\u00e2mbio constante a R$ 4,25\/US$, as proje\u00e7\u00f5es do Copom situam-se em torno de 3,5% para 2020 e 3,7% para 2021. Esse cen\u00e1rio sup\u00f5e trajet\u00f3ria de juros que encerra 2020 em 4,25% a.a. e se eleva at\u00e9 6,00% a.a. em 2021.<\/p>\n<p><strong>Fonte: Rede Brasil Atual<\/strong><\/p>\n","protected":false},"excerpt":{"rendered":"<p>Na primeira reuni\u00e3o de 2020, o Comit\u00ea de Pol\u00edtica Monet\u00e1ria (Copom), do Banco Central, confirmou as expectativas do mercado e reduziu a taxa b\u00e1sica de juros, a Selic, em 0,25 ponto percentual, para 4,25% ao ano. A decis\u00e3o foi un\u00e2nime e p\u00f5e fim ao ciclo de redu\u00e7\u00e3o da taxa, iniciado em julho do ano passado. [&hellip;]<\/p>\n","protected":false},"author":2,"featured_media":8357,"comment_status":"","ping_status":"","sticky":false,"template":"","format":"standard","meta":{"footnotes":""},"categories":[3],"tags":[],"class_list":["post-8358","post","type-post","status-publish","format-standard","has-post-thumbnail","hentry","category-noticias"],"_links":{"self":[{"href":"https:\/\/hostnetart.com.br\/baixada\/wp-json\/wp\/v2\/posts\/8358","targetHints":{"allow":["GET"]}}],"collection":[{"href":"https:\/\/hostnetart.com.br\/baixada\/wp-json\/wp\/v2\/posts"}],"about":[{"href":"https:\/\/hostnetart.com.br\/baixada\/wp-json\/wp\/v2\/types\/post"}],"author":[{"embeddable":true,"href":"https:\/\/hostnetart.com.br\/baixada\/wp-json\/wp\/v2\/users\/2"}],"replies":[{"embeddable":true,"href":"https:\/\/hostnetart.com.br\/baixada\/wp-json\/wp\/v2\/comments?post=8358"}],"version-history":[{"count":0,"href":"https:\/\/hostnetart.com.br\/baixada\/wp-json\/wp\/v2\/posts\/8358\/revisions"}],"wp:featuredmedia":[{"embeddable":true,"href":"https:\/\/hostnetart.com.br\/baixada\/wp-json\/wp\/v2\/media\/8357"}],"wp:attachment":[{"href":"https:\/\/hostnetart.com.br\/baixada\/wp-json\/wp\/v2\/media?parent=8358"}],"wp:term":[{"taxonomy":"category","embeddable":true,"href":"https:\/\/hostnetart.com.br\/baixada\/wp-json\/wp\/v2\/categories?post=8358"},{"taxonomy":"post_tag","embeddable":true,"href":"https:\/\/hostnetart.com.br\/baixada\/wp-json\/wp\/v2\/tags?post=8358"}],"curies":[{"name":"wp","href":"https:\/\/api.w.org\/{rel}","templated":true}]}}