{"id":8356,"date":"2020-02-07T14:35:23","date_gmt":"2020-02-07T17:35:23","guid":{"rendered":"https:\/\/hostnetart.com.br\/baixada\/reducao-da-taxa-de-juros-e-mais-um-sinal-da-paralisia-na-economia-segundo-dieese\/"},"modified":"2020-02-07T14:35:23","modified_gmt":"2020-02-07T17:35:23","slug":"reducao-da-taxa-de-juros-e-mais-um-sinal-da-paralisia-na-economia-segundo-dieese","status":"publish","type":"post","link":"https:\/\/hostnetart.com.br\/baixada\/reducao-da-taxa-de-juros-e-mais-um-sinal-da-paralisia-na-economia-segundo-dieese\/","title":{"rendered":"Redu\u00e7\u00e3o da taxa de juros \u00e9 mais um sinal da paralisia na economia, segundo Dieese"},"content":{"rendered":"<p>O Comit\u00ea de Pol\u00edtica Monet\u00e1ria (Copom), do Banco Central, anunciou nesta quinta-feira (6) redu\u00e7\u00e3o em 0,25 ponto percentual taxa b\u00e1sica de juros, a Selic, para <a href=\"https:\/\/www.redebrasilatual.com.br\/economia\/2020\/02\/banco-central-reduz-taxa-de-juros-para-425-ao-ano\/\" target=\"_blank\" rel=\"noopener noreferrer\">4,25% ao ano<\/a>. Para o diretor t\u00e9cnico do Dieese,\u00a0Fausto Augusto Junior, esse novo corte indica que a atividade economia no pa\u00eds ainda praticamente \u201cparada\u201d, muito aqu\u00e9m do necess\u00e1rio para reativar o mercado formal de trabalho, que permanece com elevada <a href=\"https:\/\/www.redebrasilatual.com.br\/economia\/2020\/01\/desemprego-alto-trabalho-informal\/\" target=\"_blank\" rel=\"noopener noreferrer\">taxa de desemprego<\/a>.<\/p>\n<p>O corte \u00e9 positivo, segundo Fausto, porque reduz o custo do financiamento da d\u00edvida p\u00fablica. Ele tamb\u00e9m espera que a redu\u00e7\u00e3o da Selic contribua para a migra\u00e7\u00e3o dos investimentos para o setor produtivo, o que poderia contribuir efetivamente para a retomada da atividade econ\u00f4mica, j\u00e1 que os t\u00edtulos emitidos pelo Tesouro, remunerados pela taxa Selic, passam a ficar menos atraente aos investidores.<\/p>\n<p>\u201cQuando a Selic come\u00e7a a ficar muito baixa, pr\u00f3xima \u00e0 infla\u00e7\u00e3o, o investidor precisa buscar outros ativos, outros investimentos. O que se espera \u00e9 que esses outros investimentos possam caminhar para o setor produtivo. Por exemplo, se caminha para os t\u00edtulos imobili\u00e1rios, vai ajudar a reativar a constru\u00e7\u00e3o civil\u201d, afirmou Fausto \u00e0 jornalista Marilu Caba\u00f1as, para o <a href=\"http:\/\/radiobrasilatual.com.br\/\" target=\"_blank\" rel=\"noopener noreferrer\"><em>Jornal Brasil Atual<\/em><\/a>, nesta sexta-feira (7).<\/p>\n<p>Para o consumidor, o corte na Selic tem impacto reduzido, porque as taxas de juros cobradas pelos bancos \u2013 cart\u00e3o de cr\u00e9dito e cheque especial, por exemplo \u2013 n\u00e3o caem na mesma medida. O cr\u00e9dito caro inibe o consumo, o que tamb\u00e9m \u00e9 um obst\u00e1culo para a retomada do emprego.\u00a0O poss\u00edvel efeito negativo, segundo Fausto, \u00e9 que se os investidores decidirem sair dos t\u00edtulos p\u00fablicos, o governo pode ter problemas para financiar a sua d\u00edvida.<\/p>\n<p>\u201cO\u00a0Brasil est\u00e1 crescendo muito aqu\u00e9m do que deveria, e certamente muito aqu\u00e9m daquilo que o trabalhador precisa. A taxa de desemprego segue muito alta. \u00c9 importante que a taxa de juros continue baixa e que o deslocamento do investimento saia do mercado financeiro e possa chegar no mundo real. \u00c9 a aposta que a gente espera e gostaria de ver.\u00a0Por outro lado, h\u00e1\u00a0 quest\u00f5es muito mais complicadas do ponto de vista macroecon\u00f4mico. O governo, afinal de contas, tem que financiar a sua d\u00edvida. Se o investidor come\u00e7a a sair do Tesouro, algu\u00e9m tem que pagar a conta. Para isso, o governo aposta na venda do patrim\u00f4nio p\u00fablico, com privatiza\u00e7\u00f5es, para cobrir esse buraco\u201d, afirmou o diretor do <a href=\"http:\/\/www.dieese.org.br\" target=\"_blank\" rel=\"noopener noreferrer\">Dieese<\/a>.<\/p>\n<p><strong>Fonte: Rede Brasil Atual<\/strong><\/p>\n","protected":false},"excerpt":{"rendered":"<p>O Comit\u00ea de Pol\u00edtica Monet\u00e1ria (Copom), do Banco Central, anunciou nesta quinta-feira (6) redu\u00e7\u00e3o em 0,25 ponto percentual taxa b\u00e1sica de juros, a Selic, para 4,25% ao ano. Para o diretor t\u00e9cnico do Dieese,\u00a0Fausto Augusto Junior, esse novo corte indica que a atividade economia no pa\u00eds ainda praticamente \u201cparada\u201d, muito aqu\u00e9m do necess\u00e1rio para reativar [&hellip;]<\/p>\n","protected":false},"author":2,"featured_media":8355,"comment_status":"","ping_status":"","sticky":false,"template":"","format":"standard","meta":{"footnotes":""},"categories":[3],"tags":[],"class_list":["post-8356","post","type-post","status-publish","format-standard","has-post-thumbnail","hentry","category-noticias"],"_links":{"self":[{"href":"https:\/\/hostnetart.com.br\/baixada\/wp-json\/wp\/v2\/posts\/8356","targetHints":{"allow":["GET"]}}],"collection":[{"href":"https:\/\/hostnetart.com.br\/baixada\/wp-json\/wp\/v2\/posts"}],"about":[{"href":"https:\/\/hostnetart.com.br\/baixada\/wp-json\/wp\/v2\/types\/post"}],"author":[{"embeddable":true,"href":"https:\/\/hostnetart.com.br\/baixada\/wp-json\/wp\/v2\/users\/2"}],"replies":[{"embeddable":true,"href":"https:\/\/hostnetart.com.br\/baixada\/wp-json\/wp\/v2\/comments?post=8356"}],"version-history":[{"count":0,"href":"https:\/\/hostnetart.com.br\/baixada\/wp-json\/wp\/v2\/posts\/8356\/revisions"}],"wp:featuredmedia":[{"embeddable":true,"href":"https:\/\/hostnetart.com.br\/baixada\/wp-json\/wp\/v2\/media\/8355"}],"wp:attachment":[{"href":"https:\/\/hostnetart.com.br\/baixada\/wp-json\/wp\/v2\/media?parent=8356"}],"wp:term":[{"taxonomy":"category","embeddable":true,"href":"https:\/\/hostnetart.com.br\/baixada\/wp-json\/wp\/v2\/categories?post=8356"},{"taxonomy":"post_tag","embeddable":true,"href":"https:\/\/hostnetart.com.br\/baixada\/wp-json\/wp\/v2\/tags?post=8356"}],"curies":[{"name":"wp","href":"https:\/\/api.w.org\/{rel}","templated":true}]}}