{"id":8354,"date":"2020-02-07T14:32:43","date_gmt":"2020-02-07T17:32:43","guid":{"rendered":"https:\/\/hostnetart.com.br\/baixada\/recuperacao-mercado-de-trabalho-continua-exibindo-fragilidade-da-economia\/"},"modified":"2020-02-07T14:32:43","modified_gmt":"2020-02-07T17:32:43","slug":"recuperacao-mercado-de-trabalho-continua-exibindo-fragilidade-da-economia","status":"publish","type":"post","link":"https:\/\/hostnetart.com.br\/baixada\/recuperacao-mercado-de-trabalho-continua-exibindo-fragilidade-da-economia\/","title":{"rendered":"Recupera\u00e7\u00e3o? Mercado de trabalho continua exibindo fragilidade da economia"},"content":{"rendered":"<p>Em 2019, o desemprego parou de cair, mas se manteve em n\u00edvel elevado, com o mercado de trabalho indicando precariedade ao abrir vagas n\u00e3o formais, com menor grau de prote\u00e7\u00e3o. De cada 10, de sete a oito s\u00e3o informais, observa o economista S\u00e9rgio Mendon\u00e7a, ex-secret\u00e1rio de Recursos Humanos e ex-diretor-t\u00e9cnico do Dieese.<\/p>\n<p>Se os resultados de 2019 foram menos ruins, a compara\u00e7\u00e3o com 2014 mostra que o pa\u00eds piorou. O n\u00famero m\u00e9dio de desempregados, por exemplo, passou de 6,699 milh\u00f5es para 12,575 milh\u00f5es, crescimento de 87,7%, conforme\u00a0 os dados da Pesquisa Nacional por Amostra de Domic\u00edlios (Pnad) Cont\u00ednua, do IBGE.<\/p>\n<p>No mesmo per\u00edodo, foram abertas 1,752 milh\u00e3o de vagas, para um total de 93,390 milh\u00f5es de ocupados. Mas o que aumentou, de fato, foi o emprego no setor privado sem carteira assinada e o trabalho por conta pr\u00f3pria. De 2014 a 2019, segundo o IBGE, o pa\u00eds eliminou 3,231 milh\u00f5es de empregos com carteira (-8,9%), abrindo 3,038 milh\u00f5es de vagas por conta pr\u00f3pria (14,3%) e 1,267 milh\u00e3o de ocupa\u00e7\u00f5es sem carteira (12,3%).<\/p>\n<p>Para Mendon\u00e7a, hoje apenas os juros, em baixa, representam um fator de est\u00edmulo para o crescimento. Al\u00e9m da dificuldade de recoloca\u00e7\u00e3o no mercado de trabalho, ele observa que a recente \u201creforma\u201d da Previd\u00eancia, aprovada no ano passado, \u00e9 \u201canticonsumo\u201d.<\/p>\n<p>Ele acredita que pode haver algum crescimento neste ano, em torno de 2% a 2,5%, \u201cna aus\u00eancia de um choque externo\u201d, ressalta. \u201c\u00c9 prov\u00e1vel que eles queimem as reservas para segurar o c\u00e2mbio, como est\u00e3o fazendo. Temos f\u00f4lego para uma press\u00e3o cambial de curto prazo. O investimento privado n\u00e3o est\u00e1 acontecendo, a n\u00e3o ser pontualmente.\u201d A constru\u00e7\u00e3o civil mostra certa recupera\u00e7\u00e3o, mas o economista questiona se haver\u00e1 demanda para os novos apartamentos. \u201cPode ser uma bolha.\u201d<\/p>\n<p>Mesmo o emprego formal, que teve certa expans\u00e3o em 2019 (saldo de 644 mil vagas, segundo o Cadastro Geral de Empregados e Desempregados, do Minist\u00e9rio da Economia), deve parte dessa alta ao trabalho intermitente e parcial, com menor prote\u00e7\u00e3o. E os sal\u00e1rios de quem entra no mercado s\u00e3o menores que os daqueles que saem. Mendon\u00e7a observa que isso ocorre historicamente, mas faz uma ressalva: \u201cA diferen\u00e7a est\u00e1 alargando\u201d.<\/p>\n<p>\u00a0<\/p>\n<h6 class=\"gmail_default\"><b>Mercado de trabalho 2014\/2019<\/b><\/h6>\n<div class=\"gmail_default\">\u00a0<\/div>\n<div class=\"gmail_default\"><em><strong>* Ocupados<\/strong><\/em><\/div>\n<div class=\"gmail_default\">91.638.000<\/div>\n<div class=\"gmail_default\">93.390.000<\/div>\n<div class=\"gmail_default\">+ 1,9%<\/div>\n<div>\u00a0<\/div>\n<div class=\"gmail_default\"><strong><em>* Desempregados<\/em><\/strong><\/div>\n<div class=\"gmail_default\">6.699.000<\/div>\n<div class=\"gmail_default\">12.575.000<\/div>\n<div class=\"gmail_default\">+ 87,7%<\/div>\n<div>\u00a0<\/div>\n<div class=\"gmail_default\"><em><strong>* Empregados com carteira<\/strong><\/em><\/div>\n<div class=\"gmail_default\">36.450.000<\/div>\n<div class=\"gmail_default\">33.219.000<\/div>\n<div class=\"gmail_default\">-8,9%<\/div>\n<div>\u00a0<\/div>\n<div class=\"gmail_default\"><em><strong>* Empregados sem carteira<\/strong><\/em><\/div>\n<div class=\"gmail_default\">10.313.000<\/div>\n<div class=\"gmail_default\">11.579.000<\/div>\n<div class=\"gmail_default\">+12,3%<\/div>\n<div>\u00a0<\/div>\n<div class=\"gmail_default\"><em><strong>* Trabalhador por conta pr\u00f3pria<\/strong><\/em><\/div>\n<div class=\"gmail_default\">21.183.000<\/div>\n<div class=\"gmail_default\">24.221.000<\/div>\n<div class=\"gmail_default\">+14,3%<\/div>\n<div class=\"gmail_default\">\u00a0<\/div>\n<div class=\"gmail_default\"><b>Setores 2014\/2019<\/b><\/div>\n<div class=\"gmail_default\">\u00a0<\/div>\n<div class=\"gmail_default\"><em><strong>* Constru\u00e7\u00e3o<\/strong><\/em><\/div>\n<div class=\"gmail_default\">Menos 1,1 milh\u00e3o de ocupados<\/div>\n<div class=\"gmail_default\">\u00a0<\/div>\n<div class=\"gmail_default\"><strong><em>* Agricultura\/pecu\u00e1ria<\/em><\/strong><\/div>\n<div class=\"gmail_default\">Menos 1,8 milh\u00e3o<\/div>\n<div class=\"gmail_default\">\u00a0<\/div>\n<div class=\"gmail_default\"><strong><em>* Ind\u00fastria<\/em><\/strong><\/div>\n<div class=\"gmail_default\">Menos 1,2 milh\u00e3o<\/div>\n<div class=\"gmail_default\">\u00a0<\/div>\n<div class=\"gmail_default\"><strong><em>* Com\u00e9rcio\/repara\u00e7\u00e3o de ve\u00edculos<\/em><\/strong><\/div>\n<div class=\"gmail_default\">Est\u00e1vel<\/div>\n<div class=\"gmail_default\">\u00a0<\/div>\n<div class=\"gmail_default\"><strong><em>* Administra\u00e7\u00e3o p\u00fablica\/seguridade\/educa\u00e7\u00e3o<\/em><\/strong><\/div>\n<div class=\"gmail_default\">Mais 1,3 milh\u00e3o<\/div>\n<div class=\"gmail_default\">\u00a0<\/div>\n<div class=\"gmail_default\"><span style=\"text-decoration: underline;\"><strong>Fonte: Rede Brasil Atual<\/strong><\/span><\/div>\n","protected":false},"excerpt":{"rendered":"<p>Em 2019, o desemprego parou de cair, mas se manteve em n\u00edvel elevado, com o mercado de trabalho indicando precariedade ao abrir vagas n\u00e3o formais, com menor grau de prote\u00e7\u00e3o. De cada 10, de sete a oito s\u00e3o informais, observa o economista S\u00e9rgio Mendon\u00e7a, ex-secret\u00e1rio de Recursos Humanos e ex-diretor-t\u00e9cnico do Dieese. Se os resultados [&hellip;]<\/p>\n","protected":false},"author":2,"featured_media":8353,"comment_status":"","ping_status":"","sticky":false,"template":"","format":"standard","meta":{"footnotes":""},"categories":[3],"tags":[],"class_list":["post-8354","post","type-post","status-publish","format-standard","has-post-thumbnail","hentry","category-noticias"],"_links":{"self":[{"href":"https:\/\/hostnetart.com.br\/baixada\/wp-json\/wp\/v2\/posts\/8354","targetHints":{"allow":["GET"]}}],"collection":[{"href":"https:\/\/hostnetart.com.br\/baixada\/wp-json\/wp\/v2\/posts"}],"about":[{"href":"https:\/\/hostnetart.com.br\/baixada\/wp-json\/wp\/v2\/types\/post"}],"author":[{"embeddable":true,"href":"https:\/\/hostnetart.com.br\/baixada\/wp-json\/wp\/v2\/users\/2"}],"replies":[{"embeddable":true,"href":"https:\/\/hostnetart.com.br\/baixada\/wp-json\/wp\/v2\/comments?post=8354"}],"version-history":[{"count":0,"href":"https:\/\/hostnetart.com.br\/baixada\/wp-json\/wp\/v2\/posts\/8354\/revisions"}],"wp:featuredmedia":[{"embeddable":true,"href":"https:\/\/hostnetart.com.br\/baixada\/wp-json\/wp\/v2\/media\/8353"}],"wp:attachment":[{"href":"https:\/\/hostnetart.com.br\/baixada\/wp-json\/wp\/v2\/media?parent=8354"}],"wp:term":[{"taxonomy":"category","embeddable":true,"href":"https:\/\/hostnetart.com.br\/baixada\/wp-json\/wp\/v2\/categories?post=8354"},{"taxonomy":"post_tag","embeddable":true,"href":"https:\/\/hostnetart.com.br\/baixada\/wp-json\/wp\/v2\/tags?post=8354"}],"curies":[{"name":"wp","href":"https:\/\/api.w.org\/{rel}","templated":true}]}}