{"id":8352,"date":"2020-02-07T14:17:24","date_gmt":"2020-02-07T17:17:24","guid":{"rendered":"https:\/\/hostnetart.com.br\/baixada\/empregados-denunciam-desmonte-da-caixa\/"},"modified":"2020-02-07T14:17:24","modified_gmt":"2020-02-07T17:17:24","slug":"empregados-denunciam-desmonte-da-caixa","status":"publish","type":"post","link":"https:\/\/hostnetart.com.br\/baixada\/empregados-denunciam-desmonte-da-caixa\/","title":{"rendered":"Empregados denunciam desmonte da Caixa"},"content":{"rendered":"<div class=\"elementor-element elementor-element-194680ec elementor-widget elementor-widget-theme-post-content\" data-id=\"194680ec\" data-element_type=\"widget\" data-widget_type=\"theme-post-content.default\">\n<div class=\"elementor-widget-container\">\n<p>Os<a href=\"https:\/\/contrafcut.com.br\/fotos\/esquenta-para-o-dia-de-luta\/\" target=\"_blank\" rel=\"noopener noreferrer\"> empregados da Caixa denunciaram \u00e0 sociedade<\/a>, nesta quarta-feira (5), o desmonte do banco p\u00fablico. Uma <a href=\"https:\/\/contrafcut.com.br\/wp-content\/uploads\/2020\/02\/cartacontraffenae.pdf?x18017\" target=\"_blank\" rel=\"noopener noreferrer\">carta que chama a aten\u00e7\u00e3o para os pontos negativos da reestrutura\u00e7\u00e3o e para os ataques ao papel social do banco<\/a> foi distribu\u00edda aos clientes. O material tamb\u00e9m denuncia o ataque aos direitos dos trabalhadores e o desmonte do banco.<\/p>\n<p>\u201cA Caixa tem um papel social e econ\u00f4mico na vida de milhares de brasileiras e brasileiros. N\u00e3o apenas dos banc\u00e1rios, mas tamb\u00e9m de clientes, usu\u00e1rios e trabalhadores informais. Tirar esse papel do banco, \u00e9 impactar na vida de toda a popula\u00e7\u00e3o\u201d, afirmou Dion\u00edsio Reis, coordenador da Comiss\u00e3o Executiva dos Empregados da Caixa (CEE\/Caixa), que lembrou ainda que a reestrutura\u00e7\u00e3o sinaliza uma clara mudan\u00e7a no perfil do banco com foco nos neg\u00f3cios. \u201cAs mudan\u00e7as prometiam o fortalecimento da Caixa frente \u00e0 concorr\u00eancia, mas o que se viu foi exatamente o contr\u00e1rio: o banco p\u00fablico perdeu mercado para os bancos privados\u201d, explicou.<\/p>\n<p>No final do m\u00eas passado, a dire\u00e7\u00e3o do banco anunciou uma nova reestrutura\u00e7\u00e3o na rede, com a justificativa de \u201calinhamento da Matriz com a Rede\u201d e \u201cgarantia do padr\u00e3o na execu\u00e7\u00e3o das diretrizes corporativas\u201d. \u201cDesde 2016, quando este processo come\u00e7ou, est\u00e1 claro que n\u00e3o existe reestrutura\u00e7\u00e3o e sim desmonte da Caixa. Por isso, denunciamos \u00e0s prefeituras, c\u00e2maras de vereadores e deputados do pa\u00eds toda essa sabotagem n\u00edtida e clara, com o objetivo de preparar para uma futura privatiza\u00e7\u00e3o\u201d, finalizou o coordenador.<\/p>\n<p>Diversos deputados comprometidos com a defesa do pa\u00eds fizeram depoimentos para fortalecer a den\u00fancia quanto ao desmonte da Caixa e do estado brasileiro. O deputado federal Bohn Gass (PT-RS) parabenizou as entidades representativas dos empregados e os sindicatos dos banc\u00e1rios de todo o pa\u00eds que realizaram mobiliza\u00e7\u00e3o para denunciar o processo de privatiza\u00e7\u00e3o. \u201cE como \u00e9 que eles fazem este desmonte? Eles tiram as partes boas da Caixa, venda de a\u00e7\u00f5es, cart\u00f5es. Enfim, toda a parte que pode dar rentabilidade para a Caixa poder fazer sua parte social \u2013 que \u00e9 t\u00e3o importante para o povo trabalhador, com habita\u00e7\u00e3o e fundo de garantia \u2013, e est\u00e3o entregando a parte boa para os bancos. Porque o Paulo Guedes tem interesse nos banqueiros e n\u00e3o no Brasil. Estou aqui para dizer mobilizem-se contra essa pol\u00edtica do Guedes. <\/p>\n<p>A deputada \u00c9rika Kokay (PT\/DF) destacou a venda das loterias ao dizer que mais de 30% dos recursos dos jogos v\u00e3o para as pol\u00edticas sociais. Segundo a deputada, a gest\u00e3o do banco quer fechar as ag\u00eancias prejudicando a popula\u00e7\u00e3o mais pobre. \u201cA Caixa \u00e9 respons\u00e1vel por 98% dos cr\u00e9ditos habitacionais de baixa renda nesse pa\u00eds. Eles querem arrancar da Caixa os cart\u00f5es, querem tirar o que \u00e9 lucrativo. E agora s\u00e3o dezenas de superintend\u00eancias que v\u00e3o fechar. Quer fechar a Caixa que est\u00e1 no meio do povo, dialogando com a popula\u00e7\u00e3o. Por isso temos que defender a caixa\u201d, defendeu \u00c9rika.<\/p>\n<p>O deputado Z\u00e9 Carlos (PT-MA) tamb\u00e9m dedicou sua fala para denunciar o desmonte que est\u00e1 em curso da Caixa Econ\u00f4mica Federal, com o nome de reestrutura\u00e7\u00e3o. \u201cPe\u00e7o apoio aos parlamentares desta Casa para que n\u00e3o deixemos uma empresa s\u00f3lida, com milhares e milhares de sonhos realizados pelo Brasil, em v\u00e1rios segmentos do programa do governo, ser destru\u00edda por este governo. O governo Bolsonaro mente quando diz que a Caixa n\u00e3o vai ser privatizada. Na realidade, ela j\u00e1 est\u00e1 sendo privatizada. Portanto, temos que pedir isso. A Caixa n\u00e3o \u00e9 do governo, a Caixa \u00e9 do povo brasileiro.\u201c<\/p>\n<figure class=\"wp-block-embed-youtube wp-block-embed is-type-video is-provider-youtube wp-embed-aspect-16-9 wp-has-aspect-ratio\">\n<div class=\"wp-block-embed__wrapper\">\u00a0<\/div>\n<\/figure>\n<h3>BRAS\u00cdLIA<\/h3>\n<p>Em Bras\u00edlia (DF), o sindicato dos banc\u00e1rios visitou a Matriz 3 da Caixa. A representante da Contraf-CUT na Comiss\u00e3o Executiva dos Empregados (CEE\/Caixa), Fabiana Uehara, destacou que a mudan\u00e7a poder\u00e1 gerar mais ass\u00e9dio, cobran\u00e7as de metas absurdas e adoecimento dos trabalhadores. \u201cO sindicato estar\u00e1 \u00e0 disposi\u00e7\u00e3o para dar todo o respaldo aos empregados que poder\u00e3o ser afetados\u201d, assegurou. Ainda segundo Fabiana, a visita \u00e0s ag\u00eancias \u00e9 importante para salientar o papel fundamental dos trabalhadores na defesa do banco p\u00fablico. \u201cA Caixa j\u00e1 passou por diversos ataques e foi gra\u00e7as \u00e0 mobiliza\u00e7\u00e3o dos empregados que foi poss\u00edvel superar esses desafios. Defendendo a Caixa, defendemos os nossos direitos e da popula\u00e7\u00e3o\u201d, destacou.<\/p>\n<h3>S\u00c3O PAULO<\/h3>\n<p>Em S\u00e3o Paulo, as visitas aconteceram em sete ag\u00eancias e em superintend\u00eancias da institui\u00e7\u00e3o. De acordo com o coordenador da CEE\/Caixa, Dion\u00edsio Reis, os trabalhadores est\u00e3o indignados com as medidas tomadas pela gest\u00e3o do banco. \u201cHoje foi um dia importante de luta e os trabalhadores puderam usar a #SomosMuitasCaixas e #ACaixa\u00e9TodaSua nas redes sociais para mostrar essa indigna\u00e7\u00e3o. Porque n\u00f3s somos muitas Caixas, todas importante nas cinco regi\u00f5es do Brasil, para as prefeituras, estados e para o desenvolvimento do Brasil\u201d, avaliou Dion\u00edsio.<\/p>\n<h3>ESP\u00cdRITO SANTO<\/h3>\n<p>Na capital do Esp\u00edrito Santo, a mobiliza\u00e7\u00e3o dos empregados retardou em uma hora a abertura da ag\u00eancia da Reta da Penha.\u00a0 \u201cEssa reestrutura\u00e7\u00e3o \u00e9 a mudan\u00e7a do conceito da Caixa. \u00c9 uma medida de desmonte da empresa como banco p\u00fablico\u201d, denunciou a diretora do sindicato Rita Lima.<\/p>\n<h3>BAHIA<\/h3>\n<p>O sindicato dos banc\u00e1rios da Bahia realizou reuni\u00f5es com empregados da Superintend\u00eancia Regional, CICOC\/REMOB, GIHAB e da ag\u00eancia digital, no Edif\u00edcio 2 de Julho, na Paralela. Na oportunidade, os diretores do sindicato chamaram aten\u00e7\u00e3o para a necessidade dos trabalhadores participarem das mobiliza\u00e7\u00f5es contra os ataques aos direitos. Trataram tamb\u00e9m das amea\u00e7as ao Sa\u00fade Caixa e ao acordo coletivo de trabalho, que vence em 31 de agosto.<\/p>\n<h3>CEAR\u00c1<\/h3>\n<p>Em Fortaleza, a manifesta\u00e7\u00e3o aconteceu na ag\u00eancia da Pra\u00e7a do Ferreira, onde os diretores do sindicato realizaram conversas com clientes e empregados denunciando os ataques ao banco e mostrando a import\u00e2ncia de se manter a Caixa 100% p\u00fablica. \u201cNunca se viu tamanha mudan\u00e7a no perfil da Caixa. O nosso foco \u00e9 manter o papel social da Caixa, que o banco permane\u00e7a 100% p\u00fablico, atendendo a popula\u00e7\u00e3o, porque a Caixa \u00e9 do povo brasileiro. Mas para que possamos vencer essa batalha, precisamos fortalecer ainda mais nossa mobiliza\u00e7\u00e3o e unidade, para garantir nossos direitos e a Caixa que queremos\u201d, disse o diretor do sindicato e da Fenae, Marcos Saraiva.<\/p>\n<h3>MARANH\u00c3O<\/h3>\n<p>Os banc\u00e1rios maranhenses concentraram na Pra\u00e7a Deodoro, no Centro de S\u00e3o Lu\u00eds, em frente a Caixa, para defender os direitos dos trabalhadores. Os sindicalistas destacaram a pol\u00edtica de demiss\u00e3o volunt\u00e1ria e o fechamento de ag\u00eancias realizadas pela gest\u00e3o da Caixa e que ocasionar\u00e1 uma s\u00e9rie de preju\u00edzos aos banc\u00e1rios e \u00e0 popula\u00e7\u00e3o.<\/p>\n<h3>SERGIPE<\/h3>\n<p>O Sindicato dos Banc\u00e1rios de Sergipe (SEEB\/SE) se reuniu na Superintend\u00eancia para falar contra o projeto de redu\u00e7\u00e3o do perfil social da Caixa. Os sindicalistas tamb\u00e9m leram a carta do movimento sindical banc\u00e1rio (CEE\/Caixa), Contraf-CUT, Fenae, Federa\u00e7\u00e3o dos banc\u00e1rios da Bahia e Sergipe).<\/p>\n<h3>Rodada de Negocia\u00e7\u00e3o<\/h3>\n<p>No dia 12 de fevereiro, a Comiss\u00e3o Executiva dos Empregados se re\u00fane com a Caixa para mais uma rodada de negocia\u00e7\u00e3o. A cobran\u00e7a referente \u00e0 reestrutura\u00e7\u00e3o ser\u00e1 pauta na reuni\u00e3o.<\/p>\n<\/div>\n<\/div>\n","protected":false},"excerpt":{"rendered":"<p>Os empregados da Caixa denunciaram \u00e0 sociedade, nesta quarta-feira (5), o desmonte do banco p\u00fablico. Uma carta que chama a aten\u00e7\u00e3o para os pontos negativos da reestrutura\u00e7\u00e3o e para os ataques ao papel social do banco foi distribu\u00edda aos clientes. O material tamb\u00e9m denuncia o ataque aos direitos dos trabalhadores e o desmonte do banco. [&hellip;]<\/p>\n","protected":false},"author":2,"featured_media":8351,"comment_status":"","ping_status":"","sticky":false,"template":"","format":"standard","meta":{"footnotes":""},"categories":[3],"tags":[],"class_list":["post-8352","post","type-post","status-publish","format-standard","has-post-thumbnail","hentry","category-noticias"],"_links":{"self":[{"href":"https:\/\/hostnetart.com.br\/baixada\/wp-json\/wp\/v2\/posts\/8352","targetHints":{"allow":["GET"]}}],"collection":[{"href":"https:\/\/hostnetart.com.br\/baixada\/wp-json\/wp\/v2\/posts"}],"about":[{"href":"https:\/\/hostnetart.com.br\/baixada\/wp-json\/wp\/v2\/types\/post"}],"author":[{"embeddable":true,"href":"https:\/\/hostnetart.com.br\/baixada\/wp-json\/wp\/v2\/users\/2"}],"replies":[{"embeddable":true,"href":"https:\/\/hostnetart.com.br\/baixada\/wp-json\/wp\/v2\/comments?post=8352"}],"version-history":[{"count":0,"href":"https:\/\/hostnetart.com.br\/baixada\/wp-json\/wp\/v2\/posts\/8352\/revisions"}],"wp:featuredmedia":[{"embeddable":true,"href":"https:\/\/hostnetart.com.br\/baixada\/wp-json\/wp\/v2\/media\/8351"}],"wp:attachment":[{"href":"https:\/\/hostnetart.com.br\/baixada\/wp-json\/wp\/v2\/media?parent=8352"}],"wp:term":[{"taxonomy":"category","embeddable":true,"href":"https:\/\/hostnetart.com.br\/baixada\/wp-json\/wp\/v2\/categories?post=8352"},{"taxonomy":"post_tag","embeddable":true,"href":"https:\/\/hostnetart.com.br\/baixada\/wp-json\/wp\/v2\/tags?post=8352"}],"curies":[{"name":"wp","href":"https:\/\/api.w.org\/{rel}","templated":true}]}}