{"id":8350,"date":"2020-02-05T18:37:59","date_gmt":"2020-02-05T21:37:59","guid":{"rendered":"https:\/\/hostnetart.com.br\/baixada\/nova-reestruturacao-do-bb-pode-reduzir-plr-dos-funcionarios\/"},"modified":"2020-02-05T18:37:59","modified_gmt":"2020-02-05T21:37:59","slug":"nova-reestruturacao-do-bb-pode-reduzir-plr-dos-funcionarios","status":"publish","type":"post","link":"https:\/\/hostnetart.com.br\/baixada\/nova-reestruturacao-do-bb-pode-reduzir-plr-dos-funcionarios\/","title":{"rendered":"Nova reestrutura\u00e7\u00e3o do BB pode reduzir PLR dos funcion\u00e1rios"},"content":{"rendered":"<p>As\u00a0<a href=\"https:\/\/www.correiobraziliense.com.br\/app\/noticia\/economia\/2020\/02\/04\/internas_economia,825538\/funcionario-do-bb-que-cumprir-metas-tera-bonus-de-ate-4-salarios-anuai.shtml\" target=\"_blank\" rel=\"noopener noreferrer\">mudan\u00e7as anunciadas pelo Banco do Brasil<\/a>\u00a0na segunda-feira (3) no plano de carreiras e sal\u00e1rios pode levar \u00e0 redu\u00e7\u00e3o da Participa\u00e7\u00e3o nos Lucros ou Resultados (PLR) paga aos funcion\u00e1rios, segundo o coordenador da Comiss\u00e3o de Empresa dos Funcion\u00e1rios do Banco do Brasil (CEBB), Jo\u00e3o Fukunaga.<\/p>\n<p>\u201cA PLR \u00e9 paga com base no valor de refer\u00eancia (VR) da gratifica\u00e7\u00e3o paga aos funcion\u00e1rios. As mudan\u00e7as anunciadas pelo banco reduzem o VR e, com isso, a PLR tamb\u00e9m pode ser reduzida\u201d, explicou o representante dos funcion\u00e1rios.<\/p>\n<p>A pr\u00f3xima parcela da PLR, que tem que ser paga at\u00e9 o final de mar\u00e7o, ainda n\u00e3o sofre altera\u00e7\u00f5es. \u201cO valor \u00e9 referente ao semestre passado, quando ainda valia o VR anterior. Mas, a partir deste ano o banco quer economizar reduzindo o valor a ser pago de PLR aos funcion\u00e1rios. Temos que nos mobilizar para garantir nossos diretos e impedir mais esse ataque aos trabalhadores\u201d, disse Fukunaga.<\/p>\n<h3><strong>Remunera\u00e7\u00f5es mensais<\/strong><\/h3>\n<p>As mudan\u00e7as tamb\u00e9m atingem as remunera\u00e7\u00f5es mensais. Com a alega\u00e7\u00e3o de aumentar as remunera\u00e7\u00f5es para evitar a perda de funcion\u00e1rios para bancos e outras empresas privadas, o banco instituiu um b\u00f4nus de at\u00e9 quatro sal\u00e1rios por ano para quem cumprir metas. Mas, em contrapartida, o banco vai reduzir os valores de refer\u00eancia das gratifica\u00e7\u00f5es pagas aos funcion\u00e1rios.<\/p>\n<p>Segundo o coordenador da CEBB, as mudan\u00e7as geram perdas de at\u00e9 15% da remunera\u00e7\u00e3o mensal dos funcion\u00e1rios. \u201cO banco tenta vender isso como sendo algo bom, que vai equiparar os sal\u00e1rios aos do mercado privado. Todos sabemos que cargos em empresas p\u00fablicas s\u00e3o disputados devido ao sal\u00e1rio acima da m\u00e9dia do mercado. As pessoas conquistam uma vaga em concursos\u201d, disse. Para ele, as mudan\u00e7as implantadas reduzem os sal\u00e1rios dos funcion\u00e1rios concursados, de carreira, que conquistaram o emprego por m\u00e9ritos pr\u00f3prios, e\u00a0<a href=\"https:\/\/contrafcut.com.br\/noticias\/somente-diretores-indicados-pelo-mercado-terao-aumentos-salariais-no-banco-do-brasil\/\" target=\"_blank\" rel=\"noopener noreferrer\">aumentam o dos \u201cfuncion\u00e1rios\u201d que ocupam cargos preenchidos por nomea\u00e7\u00e3o do governo<\/a>\u00a0e da dire\u00e7\u00e3o do banco, indicados pelo marcado privado.<\/p>\n<p>\u201cA proposta traz redu\u00e7\u00e3o de sal\u00e1rios para o conjunto dos funcion\u00e1rios e aumento para uns poucos indicados pelo mercado. E o governo vende a ideia de que isso \u00e9 bom. \u00c9 bom pra quem?\u201d, questiona Fukunaga.<\/p>\n<h3><strong>Mobiliza\u00e7\u00e3o<\/strong><\/h3>\n<p>A Confedera\u00e7\u00e3o Nacional dos Trabalhadores do Ramo Financeiro (Contraf-CUT) soltou um comunicado na ter\u00e7a-feira (4) orientando os sindicatos e federa\u00e7\u00f5es de trabalhadores banc\u00e1rios a realizarem atividades de mobiliza\u00e7\u00e3o nos dias 6 e 12 de fevereiro. No dia 6, a orienta\u00e7\u00e3o \u00e9 para que sejam realizadas atividades em frente das ag\u00eancias do Banco do Brasil para alertar os funcion\u00e1rios e a popula\u00e7\u00e3o sobre o engodo do governo, que vende algo prejudicial como sendo algo bom. No dia 12, a orienta\u00e7\u00e3o \u00e9 adentrar nas ag\u00eancias para mostrar aos funcion\u00e1rios o quanto eles perdem com a proposta apresentada na segunda-feira (3).<\/p>\n<p>\u201cOrientamos os funcion\u00e1rios a irem de preto nestes dias e fazerem os protestos ganharem as redes sociais, com fotos das manifesta\u00e7\u00f5es e hashtag espec\u00edfica\u201d, concluiu o coordenador da CEBB.<\/p>\n<p>As postagens de funcion\u00e1rios e dirigentes nas redes sociais devem conter a hashtag #deformaBB.<\/p>\n<h3><strong>Material<\/strong><\/h3>\n<p>A Contraf-CUT vai produzir uma edi\u00e7\u00e3o especial do boletim Espelho para ser distribu\u00eddo aos funcion\u00e1rios nas atividades do dia 12. Assim que estiver pronto, o arquivo do material ser\u00e1 enviado para todos os\u00a0<a href=\"https:\/\/contrafcut.com.br\/entidades-filiadas\/\" target=\"_blank\" rel=\"noopener noreferrer\">sindicatos e federa\u00e7\u00f5es<\/a>\u00a0e disponibilizado na \u00e1rea restrita do site.<\/p>\n<p><strong>Fonte: Contraf-CUT<\/strong><\/p>\n","protected":false},"excerpt":{"rendered":"<p>As\u00a0mudan\u00e7as anunciadas pelo Banco do Brasil\u00a0na segunda-feira (3) no plano de carreiras e sal\u00e1rios pode levar \u00e0 redu\u00e7\u00e3o da Participa\u00e7\u00e3o nos Lucros ou Resultados (PLR) paga aos funcion\u00e1rios, segundo o coordenador da Comiss\u00e3o de Empresa dos Funcion\u00e1rios do Banco do Brasil (CEBB), Jo\u00e3o Fukunaga. \u201cA PLR \u00e9 paga com base no valor de refer\u00eancia (VR) [&hellip;]<\/p>\n","protected":false},"author":2,"featured_media":8349,"comment_status":"","ping_status":"","sticky":false,"template":"","format":"standard","meta":{"footnotes":""},"categories":[3],"tags":[],"class_list":["post-8350","post","type-post","status-publish","format-standard","has-post-thumbnail","hentry","category-noticias"],"_links":{"self":[{"href":"https:\/\/hostnetart.com.br\/baixada\/wp-json\/wp\/v2\/posts\/8350","targetHints":{"allow":["GET"]}}],"collection":[{"href":"https:\/\/hostnetart.com.br\/baixada\/wp-json\/wp\/v2\/posts"}],"about":[{"href":"https:\/\/hostnetart.com.br\/baixada\/wp-json\/wp\/v2\/types\/post"}],"author":[{"embeddable":true,"href":"https:\/\/hostnetart.com.br\/baixada\/wp-json\/wp\/v2\/users\/2"}],"replies":[{"embeddable":true,"href":"https:\/\/hostnetart.com.br\/baixada\/wp-json\/wp\/v2\/comments?post=8350"}],"version-history":[{"count":0,"href":"https:\/\/hostnetart.com.br\/baixada\/wp-json\/wp\/v2\/posts\/8350\/revisions"}],"wp:featuredmedia":[{"embeddable":true,"href":"https:\/\/hostnetart.com.br\/baixada\/wp-json\/wp\/v2\/media\/8349"}],"wp:attachment":[{"href":"https:\/\/hostnetart.com.br\/baixada\/wp-json\/wp\/v2\/media?parent=8350"}],"wp:term":[{"taxonomy":"category","embeddable":true,"href":"https:\/\/hostnetart.com.br\/baixada\/wp-json\/wp\/v2\/categories?post=8350"},{"taxonomy":"post_tag","embeddable":true,"href":"https:\/\/hostnetart.com.br\/baixada\/wp-json\/wp\/v2\/tags?post=8350"}],"curies":[{"name":"wp","href":"https:\/\/api.w.org\/{rel}","templated":true}]}}