{"id":8348,"date":"2020-02-05T18:36:13","date_gmt":"2020-02-05T21:36:13","guid":{"rendered":"https:\/\/hostnetart.com.br\/baixada\/bancarias-tem-ate-sexta-para-responderem-pesquisa-sobre-dia-internacional-da-mulher\/"},"modified":"2020-02-05T18:36:13","modified_gmt":"2020-02-05T21:36:13","slug":"bancarias-tem-ate-sexta-para-responderem-pesquisa-sobre-dia-internacional-da-mulher","status":"publish","type":"post","link":"https:\/\/hostnetart.com.br\/baixada\/bancarias-tem-ate-sexta-para-responderem-pesquisa-sobre-dia-internacional-da-mulher\/","title":{"rendered":"Banc\u00e1rias t\u00eam at\u00e9 sexta para responderem pesquisa sobre Dia Internacional da Mulher"},"content":{"rendered":"<p>\u00a0As banc\u00e1rias de todo o Brasil t\u00eam at\u00e9 sexta-feira (7) para responder a pesquisa sobre quais s\u00e3o as principais bandeiras de luta a ser defendidas pelo movimento sindical no Dia Internacional da Mulher, dia 8 de mar\u00e7o.<\/p>\n<p>\u201cO Dia Internacional da Mulher \u00e9 uma data reconhecida historicamente por ser de lutas e conquistas para as mulheres. Por isso, precisamos ouvir da nossa base quais s\u00e3o os pontos que ela considera mais urgentes para lutarmos j\u00e1 em 2020\u201d, explicou Elaine Cutis, secret\u00e1ria da Mulher da Confedera\u00e7\u00e3o Nacional dos Trabalhadores do Ramo Financeiro (Contraf-CUT).<\/p>\n<p>A pesquisa \u00e9 composta por apenas uma pergunta, na qual o entrevistado pode escolher at\u00e9 cinco alternativas. O question\u00e1rio aparece no pop up na home principal ao entrar no site da Confedera\u00e7\u00e3o ou clicando\u00a0<a href=\"https:\/\/pt.surveymonkey.com\/r\/VDGZSGG\">neste link<\/a>.<\/p>\n<p><strong>Fonte: Contraf-CUT<\/strong><\/p>\n","protected":false},"excerpt":{"rendered":"<p>\u00a0As banc\u00e1rias de todo o Brasil t\u00eam at\u00e9 sexta-feira (7) para responder a pesquisa sobre quais s\u00e3o as principais bandeiras de luta a ser defendidas pelo movimento sindical no Dia Internacional da Mulher, dia 8 de mar\u00e7o. \u201cO Dia Internacional da Mulher \u00e9 uma data reconhecida historicamente por ser de lutas e conquistas para as [&hellip;]<\/p>\n","protected":false},"author":2,"featured_media":8347,"comment_status":"","ping_status":"","sticky":false,"template":"","format":"standard","meta":{"footnotes":""},"categories":[3],"tags":[],"class_list":["post-8348","post","type-post","status-publish","format-standard","has-post-thumbnail","hentry","category-noticias"],"_links":{"self":[{"href":"https:\/\/hostnetart.com.br\/baixada\/wp-json\/wp\/v2\/posts\/8348","targetHints":{"allow":["GET"]}}],"collection":[{"href":"https:\/\/hostnetart.com.br\/baixada\/wp-json\/wp\/v2\/posts"}],"about":[{"href":"https:\/\/hostnetart.com.br\/baixada\/wp-json\/wp\/v2\/types\/post"}],"author":[{"embeddable":true,"href":"https:\/\/hostnetart.com.br\/baixada\/wp-json\/wp\/v2\/users\/2"}],"replies":[{"embeddable":true,"href":"https:\/\/hostnetart.com.br\/baixada\/wp-json\/wp\/v2\/comments?post=8348"}],"version-history":[{"count":0,"href":"https:\/\/hostnetart.com.br\/baixada\/wp-json\/wp\/v2\/posts\/8348\/revisions"}],"wp:featuredmedia":[{"embeddable":true,"href":"https:\/\/hostnetart.com.br\/baixada\/wp-json\/wp\/v2\/media\/8347"}],"wp:attachment":[{"href":"https:\/\/hostnetart.com.br\/baixada\/wp-json\/wp\/v2\/media?parent=8348"}],"wp:term":[{"taxonomy":"category","embeddable":true,"href":"https:\/\/hostnetart.com.br\/baixada\/wp-json\/wp\/v2\/categories?post=8348"},{"taxonomy":"post_tag","embeddable":true,"href":"https:\/\/hostnetart.com.br\/baixada\/wp-json\/wp\/v2\/tags?post=8348"}],"curies":[{"name":"wp","href":"https:\/\/api.w.org\/{rel}","templated":true}]}}