{"id":8306,"date":"2020-01-29T17:37:23","date_gmt":"2020-01-29T20:37:23","guid":{"rendered":"https:\/\/hostnetart.com.br\/baixada\/reforma-administrativa-e-desmonte-do-atendimento-a-populacao\/"},"modified":"2020-01-29T17:37:23","modified_gmt":"2020-01-29T20:37:23","slug":"reforma-administrativa-e-desmonte-do-atendimento-a-populacao","status":"publish","type":"post","link":"https:\/\/hostnetart.com.br\/baixada\/reforma-administrativa-e-desmonte-do-atendimento-a-populacao\/","title":{"rendered":"\u2018Reforma\u2019 administrativa \u00e9 desmonte do atendimento \u00e0 popula\u00e7\u00e3o"},"content":{"rendered":"<p>Para o secret\u00e1rio-geral da Confedera\u00e7\u00e3o dos Trabalhadores no Servi\u00e7o P\u00fablico Federal (Condsef), S\u00e9rgio Ronaldo da Silva, a proposta, que vem sendo chamada de<a href=\"https:\/\/www.redebrasilatual.com.br\/trabalho\/2019\/10\/bolsonaro-quer-acabar-com-estabilidade-e-diminuir-numero-de-servidores-federais\/\" target=\"_blank\" rel=\"noopener noreferrer\">\u00a0\u201creforma\u201d administrativa pelo governo de Jair Bolsonaro<\/a>, significa o desmonte do Estado brasileiro, com risco inclusive a todos os servi\u00e7os p\u00fablicos prestados \u00e0 popula\u00e7\u00e3o.<\/p>\n<p>Silva cita o que acontece hoje com o\u00a0<a href=\"https:\/\/www.redebrasilatual.com.br\/destaques\/2020\/01\/caos-no-inss-piorar-segundo-ex-ministro\/\" target=\"_blank\" rel=\"noopener noreferrer\">Instituto Nacional do Seguro Social (INSS)<\/a>\u00a0como uma pol\u00edtica deliberada de desmonte como forma de colocar a popula\u00e7\u00e3o contra o servi\u00e7o p\u00fablico em vez de cobrar a responsabilidade do Estado em criar condi\u00e7\u00f5es para que funcione.<\/p>\n<p>\u201cN\u00f3s j\u00e1 vivenciamos isso no passado e na verdade quem \u00e9 prejudicado de fato, al\u00e9m dos servidores, \u00e9 a popula\u00e7\u00e3o na ponta, que precisa de um servi\u00e7o p\u00fablico chegando com qualidade e com boa aten\u00e7\u00e3o\u201d, avalia Silva em entrevista ao jornalista Rafael Garcia, da\u00a0<a href=\"https:\/\/www.redebrasilatual.com.br\/radio\/\" target=\"_blank\" rel=\"noopener noreferrer\"><strong>R\u00e1dio Brasil Atual<\/strong><\/a>.<\/p>\n<p>O temor do secret\u00e1rio-geral leva em conta a\u00a0<a href=\"https:\/\/www.redebrasilatual.com.br\/trabalho\/2020\/01\/agenda-do-congresso-tera-novos-ataques-aos-trabalhadores-em-2020\/\" target=\"_blank\" rel=\"noopener noreferrer\">agenda de ataques aos trabalhadores<\/a>\u00a0prevista para este ano. \u00c0 imprensa nesta semana, Bolsonaro confirmou que o governo enviar\u00e1 ao Congresso a \u201creforma\u201d administrativa, que altera a forma como o Estado \u00e9 organizado, atingindo servidores da Uni\u00e3o, dos estados e dos munic\u00edpios.<\/p>\n<p>Segundo o presidente da confedera\u00e7\u00e3o, a proposta deve acabar com aux\u00edlios ou direitos que melhorem a remunera\u00e7\u00e3o dos servidores, p\u00f4r fim ao reajuste de sal\u00e1rios retroativos, proibir promo\u00e7\u00f5es e progress\u00f5es por tempo de servi\u00e7o e a impor aposentadoria como forma de puni\u00e7\u00e3o.<\/p>\n<p>O governo defende que a \u201creforma\u201d traria mais modernidade ao sistema. O secret\u00e1rio-geral do Condsef, entidade que representa 80% dos servidores do Executivo federal de todo o pa\u00eds, contesta ao argumentos usados, como o de que os funcion\u00e1rios seriam \u201cprivilegiados\u201d. \u201cO governo repete uma mentira v\u00e1rias vezes e, infelizmente, a massifica\u00e7\u00e3o dessas mentiras termina passando como verdade\u201d, critica Silva.<\/p>\n<p>\u201cN\u00e3o \u00e9 verdade que existe um incha\u00e7o da m\u00e1quina p\u00fablica.\u00a0Em 1988, \u00e9poca em que foi atualizada a Constitui\u00e7\u00e3o brasileira, n\u00f3s t\u00ednhamos 710 mil servidores p\u00fablicos federais do Executivo, em atividade. Depois de 32 anos, da Constitui\u00e7\u00e3o, uma popula\u00e7\u00e3o que l\u00e1 em 88 eram 164 milh\u00f5es de pessoas, hoje a popula\u00e7\u00e3o passou para 210 milh\u00f5es, e pasme, o n\u00famero de servidores em atividade para atender a popula\u00e7\u00e3o caiu de 710 mil para 610 mil. Ent\u00e3o 100 mil trabalhadores a menos para atender um montante da popula\u00e7\u00e3o que cresceu\u201d, afirma Ronaldo da Silva.<\/p>\n<p>Ju\u00edzes, procuradores e parlamentares ficar\u00e3o de fora da chamada \u201creforma\u201d administrativa. De acordo com o\u00a0<a href=\"https:\/\/economia.estadao.com.br\/noticias\/geral,reforma-administrativa-quer-por-fim-as-promocoes-por-tempo-de-servico,70003173911\" target=\"_blank\" rel=\"noopener noreferrer\">jornal\u00a0<em>O Estado de S. Paulo<\/em><\/a>, apenas o Congresso pode regular essas carreiras p\u00fablicas.<\/p>\n<p>A proposta do governo Bolsonaro ainda deve ser divida em partes, entre projetos de leis e decretos, alterando inclusive a abertura de concursos p\u00fablicos, que praticamente deixar\u00e3o de ser a porta de entrada, e a estabilidade do servidor. Outro risco, de acordo com Silva. \u201cA estabilidade e o concurso p\u00fablico \u00e9 justamente para blindar os trabalhadores de maus gestores\u201d, explica.<\/p>\n<p>O secret\u00e1rio-geral ainda destaca que o governo \u201cengana\u201d quando diz as mudan\u00e7as ir\u00e3o atingir apenas os servidores futuros. Segundo ele, os atuais servidores tamb\u00e9m correm risco com os ataques do governo, a come\u00e7ar pela<a href=\"https:\/\/www.redebrasilatual.com.br\/politica\/2019\/09\/frente-soberania-nacional\/\" target=\"_blank\" rel=\"noopener noreferrer\">\u00a0privatiza\u00e7\u00e3o de empresas p\u00fablicas<\/a>\u00a0que est\u00e3o sendo vendidas pela equipe econ\u00f4mica de Bolsonaro.<\/p>\n<p>\u201cPrivatizar as empresas p\u00fablicas, que n\u00e3o s\u00e3o patrim\u00f4nio de governo a, b ou c, s\u00e3o patrim\u00f4nios do povo brasileiro, \u00e9 o povo que ir\u00e1 pagar mais caro por esse servi\u00e7o que muitas empresas p\u00fablicas prestam para a popula\u00e7\u00e3o\u201d, ressalta.<\/p>\n<p>Agora, diante da agenda de ataques, o Condsef organiza uma s\u00e9rie de mobiliza\u00e7\u00f5es para denunciar o desmonte do Estado brasileiro. De acordo com o secret\u00e1rio-geral, no dia 13 de fevereiro, os servidores devem aprovar um dia para constru\u00e7\u00e3o de uma greve nacional do setor, al\u00e9m de agendar atos de protestos para o dia 18 de mar\u00e7o.<\/p>\n<p><strong>Fonte: Rede Brasil Atual<\/strong><\/p>\n","protected":false},"excerpt":{"rendered":"<p>Para o secret\u00e1rio-geral da Confedera\u00e7\u00e3o dos Trabalhadores no Servi\u00e7o P\u00fablico Federal (Condsef), S\u00e9rgio Ronaldo da Silva, a proposta, que vem sendo chamada de\u00a0\u201creforma\u201d administrativa pelo governo de Jair Bolsonaro, significa o desmonte do Estado brasileiro, com risco inclusive a todos os servi\u00e7os p\u00fablicos prestados \u00e0 popula\u00e7\u00e3o. Silva cita o que acontece hoje com o\u00a0Instituto Nacional [&hellip;]<\/p>\n","protected":false},"author":2,"featured_media":8305,"comment_status":"","ping_status":"","sticky":false,"template":"","format":"standard","meta":{"footnotes":""},"categories":[3],"tags":[],"class_list":["post-8306","post","type-post","status-publish","format-standard","has-post-thumbnail","hentry","category-noticias"],"_links":{"self":[{"href":"https:\/\/hostnetart.com.br\/baixada\/wp-json\/wp\/v2\/posts\/8306","targetHints":{"allow":["GET"]}}],"collection":[{"href":"https:\/\/hostnetart.com.br\/baixada\/wp-json\/wp\/v2\/posts"}],"about":[{"href":"https:\/\/hostnetart.com.br\/baixada\/wp-json\/wp\/v2\/types\/post"}],"author":[{"embeddable":true,"href":"https:\/\/hostnetart.com.br\/baixada\/wp-json\/wp\/v2\/users\/2"}],"replies":[{"embeddable":true,"href":"https:\/\/hostnetart.com.br\/baixada\/wp-json\/wp\/v2\/comments?post=8306"}],"version-history":[{"count":0,"href":"https:\/\/hostnetart.com.br\/baixada\/wp-json\/wp\/v2\/posts\/8306\/revisions"}],"wp:featuredmedia":[{"embeddable":true,"href":"https:\/\/hostnetart.com.br\/baixada\/wp-json\/wp\/v2\/media\/8305"}],"wp:attachment":[{"href":"https:\/\/hostnetart.com.br\/baixada\/wp-json\/wp\/v2\/media?parent=8306"}],"wp:term":[{"taxonomy":"category","embeddable":true,"href":"https:\/\/hostnetart.com.br\/baixada\/wp-json\/wp\/v2\/categories?post=8306"},{"taxonomy":"post_tag","embeddable":true,"href":"https:\/\/hostnetart.com.br\/baixada\/wp-json\/wp\/v2\/tags?post=8306"}],"curies":[{"name":"wp","href":"https:\/\/api.w.org\/{rel}","templated":true}]}}