{"id":8302,"date":"2020-01-29T13:43:33","date_gmt":"2020-01-29T16:43:33","guid":{"rendered":"https:\/\/hostnetart.com.br\/baixada\/uniao-vende-acoes-do-banco-do-brasil\/"},"modified":"2020-01-29T13:43:33","modified_gmt":"2020-01-29T16:43:33","slug":"uniao-vende-acoes-do-banco-do-brasil","status":"publish","type":"post","link":"https:\/\/hostnetart.com.br\/baixada\/uniao-vende-acoes-do-banco-do-brasil\/","title":{"rendered":"Uni\u00e3o vende a\u00e7\u00f5es do Banco do Brasil"},"content":{"rendered":"<p>A Uni\u00e3o concluiu a venda das a\u00e7\u00f5es excedentes do Banco do Brasil em poder do governo,\u00a0<a href=\"http:\/\/agenciabrasil.ebc.com.br\/economia\/noticia\/2020-01\/uniao-conclui-venda-de-acoes-excedentes-do-banco-do-brasil\" target=\"_blank\" rel=\"noopener noreferrer\">informou a Ag\u00eancia Brasil<\/a>, nesta ter\u00e7a-feira (28). A opera\u00e7\u00e3o, que arrecadou R$ 1,06 bilh\u00e3o, ocorreu na quinta-feira (23), mas s\u00f3 foi divulgada na segunda (27) pelo Minist\u00e9rio da Economia.<\/p>\n<p>Foram vendidas 20.785.200 a\u00e7\u00f5es ordin\u00e1rias para que a Uni\u00e3o mantivesse a condi\u00e7\u00e3o de maior acionista e n\u00e3o afetasse o controle da institui\u00e7\u00e3o financeira pelo governo.<\/p>\n<p>A venda das a\u00e7\u00f5es segue a\u00a0<a href=\"https:\/\/contrafcut.com.br\/noticias\/bancarios-denunciam-privatizacao-disfarcada-do-banco-do-brasil\/\" target=\"_blank\" rel=\"noopener noreferrer\">pol\u00edtica de privatiza\u00e7\u00f5es definida pelo governo<\/a>. Segundo nota divulgada pelo Minist\u00e9rio da Economia, o dinheiro retornar\u00e1 aos cofres p\u00fablicos, podendo ser usado para reduzir a d\u00edvida p\u00fablica ou fazer investimentos, seja em obras p\u00fablicas, seja em outros.<\/p>\n<p>Neste ano, o governo quer vender cerca de R$ 150 bilh\u00f5es de participa\u00e7\u00f5es da Uni\u00e3o em empresas. A venda das a\u00e7\u00f5es excedentes do Banco do Brasil tinha sido inclu\u00edda no Programa Nacional de Desestatiza\u00e7\u00e3o (PND) em 22 de agosto do ano passado. Os pap\u00e9is estavam depositados no Fundo Nacional de Desestatiza\u00e7\u00e3o, operado pelo Banco Nacional de Desenvolvimento Econ\u00f4mico e Social (BNDES).<\/p>\n<p><strong>Fonte: Contraf-CUT<\/strong><\/p>\n","protected":false},"excerpt":{"rendered":"<p>A Uni\u00e3o concluiu a venda das a\u00e7\u00f5es excedentes do Banco do Brasil em poder do governo,\u00a0informou a Ag\u00eancia Brasil, nesta ter\u00e7a-feira (28). A opera\u00e7\u00e3o, que arrecadou R$ 1,06 bilh\u00e3o, ocorreu na quinta-feira (23), mas s\u00f3 foi divulgada na segunda (27) pelo Minist\u00e9rio da Economia. Foram vendidas 20.785.200 a\u00e7\u00f5es ordin\u00e1rias para que a Uni\u00e3o mantivesse a [&hellip;]<\/p>\n","protected":false},"author":2,"featured_media":8301,"comment_status":"","ping_status":"","sticky":false,"template":"","format":"standard","meta":{"footnotes":""},"categories":[3],"tags":[],"class_list":["post-8302","post","type-post","status-publish","format-standard","has-post-thumbnail","hentry","category-noticias"],"_links":{"self":[{"href":"https:\/\/hostnetart.com.br\/baixada\/wp-json\/wp\/v2\/posts\/8302","targetHints":{"allow":["GET"]}}],"collection":[{"href":"https:\/\/hostnetart.com.br\/baixada\/wp-json\/wp\/v2\/posts"}],"about":[{"href":"https:\/\/hostnetart.com.br\/baixada\/wp-json\/wp\/v2\/types\/post"}],"author":[{"embeddable":true,"href":"https:\/\/hostnetart.com.br\/baixada\/wp-json\/wp\/v2\/users\/2"}],"replies":[{"embeddable":true,"href":"https:\/\/hostnetart.com.br\/baixada\/wp-json\/wp\/v2\/comments?post=8302"}],"version-history":[{"count":0,"href":"https:\/\/hostnetart.com.br\/baixada\/wp-json\/wp\/v2\/posts\/8302\/revisions"}],"wp:featuredmedia":[{"embeddable":true,"href":"https:\/\/hostnetart.com.br\/baixada\/wp-json\/wp\/v2\/media\/8301"}],"wp:attachment":[{"href":"https:\/\/hostnetart.com.br\/baixada\/wp-json\/wp\/v2\/media?parent=8302"}],"wp:term":[{"taxonomy":"category","embeddable":true,"href":"https:\/\/hostnetart.com.br\/baixada\/wp-json\/wp\/v2\/categories?post=8302"},{"taxonomy":"post_tag","embeddable":true,"href":"https:\/\/hostnetart.com.br\/baixada\/wp-json\/wp\/v2\/tags?post=8302"}],"curies":[{"name":"wp","href":"https:\/\/api.w.org\/{rel}","templated":true}]}}