{"id":8300,"date":"2020-01-29T13:42:47","date_gmt":"2020-01-29T16:42:47","guid":{"rendered":"https:\/\/hostnetart.com.br\/baixada\/coe-bradesco-prepara-estrategias-para-2020\/"},"modified":"2020-01-29T13:42:47","modified_gmt":"2020-01-29T16:42:47","slug":"coe-bradesco-prepara-estrategias-para-2020","status":"publish","type":"post","link":"https:\/\/hostnetart.com.br\/baixada\/coe-bradesco-prepara-estrategias-para-2020\/","title":{"rendered":"COE Bradesco prepara estrat\u00e9gias para 2020"},"content":{"rendered":"<p>A Comiss\u00e3o de Organiza\u00e7\u00e3o Nacional dos Empregados (COE) do Bradesco, com representa\u00e7\u00e3o de federa\u00e7\u00f5es e sindicatos, se reuniu, nestas segunda e ter\u00e7a-feira (27 e 28), na sede da Confedera\u00e7\u00e3o Nacional dos Trabalhadores do Ramo Financeiro (Contraf-CUT), para definir estrat\u00e9gias e pontos de pauta de negocia\u00e7\u00e3o com o banco em 2020.<\/p>\n<p>Para isso, na segunda-feira, a t\u00e9cnica da subse\u00e7\u00e3o do Departamento Intersindical de Estat\u00edstica e Estudos Socioecon\u00f4micos (Dieese) da Contraf-CUT, Barbara Valejos, fez uma an\u00e1lise de conjuntura. Na sequ\u00eancia, os membros da COE relataram a realidade de suas bases.<\/p>\n<p>\u201cNosso objetivo \u00e9 retomar as negocia\u00e7\u00f5es com a minuta de reivindica\u00e7\u00f5es espec\u00edficas. Para isso, precisamos nos preparar, pois sabemos que teremos um ano pela frente que promete ser de muita luta em defesa do emprego e dos direitos dos banc\u00e1rios e banc\u00e1rias do Bradesco\u201c, afirmou a coordenadora da COE Nacional Bradesco, Magaly Fagundes.<\/p>\n<p><strong>Fonte: Contraf-CUT<\/strong><\/p>\n","protected":false},"excerpt":{"rendered":"<p>A Comiss\u00e3o de Organiza\u00e7\u00e3o Nacional dos Empregados (COE) do Bradesco, com representa\u00e7\u00e3o de federa\u00e7\u00f5es e sindicatos, se reuniu, nestas segunda e ter\u00e7a-feira (27 e 28), na sede da Confedera\u00e7\u00e3o Nacional dos Trabalhadores do Ramo Financeiro (Contraf-CUT), para definir estrat\u00e9gias e pontos de pauta de negocia\u00e7\u00e3o com o banco em 2020. Para isso, na segunda-feira, a [&hellip;]<\/p>\n","protected":false},"author":2,"featured_media":8299,"comment_status":"","ping_status":"","sticky":false,"template":"","format":"standard","meta":{"footnotes":""},"categories":[3],"tags":[],"class_list":["post-8300","post","type-post","status-publish","format-standard","has-post-thumbnail","hentry","category-noticias"],"_links":{"self":[{"href":"https:\/\/hostnetart.com.br\/baixada\/wp-json\/wp\/v2\/posts\/8300","targetHints":{"allow":["GET"]}}],"collection":[{"href":"https:\/\/hostnetart.com.br\/baixada\/wp-json\/wp\/v2\/posts"}],"about":[{"href":"https:\/\/hostnetart.com.br\/baixada\/wp-json\/wp\/v2\/types\/post"}],"author":[{"embeddable":true,"href":"https:\/\/hostnetart.com.br\/baixada\/wp-json\/wp\/v2\/users\/2"}],"replies":[{"embeddable":true,"href":"https:\/\/hostnetart.com.br\/baixada\/wp-json\/wp\/v2\/comments?post=8300"}],"version-history":[{"count":0,"href":"https:\/\/hostnetart.com.br\/baixada\/wp-json\/wp\/v2\/posts\/8300\/revisions"}],"wp:featuredmedia":[{"embeddable":true,"href":"https:\/\/hostnetart.com.br\/baixada\/wp-json\/wp\/v2\/media\/8299"}],"wp:attachment":[{"href":"https:\/\/hostnetart.com.br\/baixada\/wp-json\/wp\/v2\/media?parent=8300"}],"wp:term":[{"taxonomy":"category","embeddable":true,"href":"https:\/\/hostnetart.com.br\/baixada\/wp-json\/wp\/v2\/categories?post=8300"},{"taxonomy":"post_tag","embeddable":true,"href":"https:\/\/hostnetart.com.br\/baixada\/wp-json\/wp\/v2\/tags?post=8300"}],"curies":[{"name":"wp","href":"https:\/\/api.w.org\/{rel}","templated":true}]}}