{"id":8298,"date":"2020-01-29T13:40:35","date_gmt":"2020-01-29T16:40:35","guid":{"rendered":"https:\/\/hostnetart.com.br\/baixada\/pesquisa-definira-pauta-de-luta-para-o-dia-internacional-das-mulheres\/"},"modified":"2020-01-29T13:40:35","modified_gmt":"2020-01-29T16:40:35","slug":"pesquisa-definira-pauta-de-luta-para-o-dia-internacional-das-mulheres","status":"publish","type":"post","link":"https:\/\/hostnetart.com.br\/baixada\/pesquisa-definira-pauta-de-luta-para-o-dia-internacional-das-mulheres\/","title":{"rendered":"Pesquisa definir\u00e1 pauta de luta para o Dia Internacional das Mulheres"},"content":{"rendered":"<p>A Confedera\u00e7\u00e3o Nacional dos Trabalhadores do Ramo Financeiro (Contraf-CUT) realiza, a partir desta ter\u00e7a-feira (28), uma pesquisa para saber a opini\u00e3o da categoria sobre quais s\u00e3o as principais bandeiras de luta a ser defendidas pelo movimento sindical no dia 8 de mar\u00e7o \u2013 Dia Internacional da Mulher.<\/p>\n<p>\u201cO Dia Internacional da Mulher \u00e9 uma data reconhecida historicamente por ser de lutas e conquistas para as mulheres. Por isso, precisamos ouvir da nossa base quais s\u00e3o os pontos que ela considera mais urgentes para lutarmos j\u00e1 em 2020\u201d, explicou Elaine Cutis, secret\u00e1ria da Mulher da Contraf-CUT.<\/p>\n<p>A pesquisa \u00e9 composta por apenas uma pergunta, na qual o entrevistado pode escolher at\u00e9 cinco alternativas. O question\u00e1rio aparece no pop up na home principal ao entrar no site da Confedera\u00e7\u00e3o ou clicando\u00a0<a href=\"https:\/\/pt.surveymonkey.com\/r\/VDGZSGG\" target=\"_blank\" rel=\"noopener noreferrer\">neste link<\/a>.<\/p>\n<p><strong>Fonte: Contraf-CUT<\/strong><\/p>\n","protected":false},"excerpt":{"rendered":"<p>A Confedera\u00e7\u00e3o Nacional dos Trabalhadores do Ramo Financeiro (Contraf-CUT) realiza, a partir desta ter\u00e7a-feira (28), uma pesquisa para saber a opini\u00e3o da categoria sobre quais s\u00e3o as principais bandeiras de luta a ser defendidas pelo movimento sindical no dia 8 de mar\u00e7o \u2013 Dia Internacional da Mulher. \u201cO Dia Internacional da Mulher \u00e9 uma data [&hellip;]<\/p>\n","protected":false},"author":2,"featured_media":8297,"comment_status":"","ping_status":"","sticky":false,"template":"","format":"standard","meta":{"footnotes":""},"categories":[3],"tags":[],"class_list":["post-8298","post","type-post","status-publish","format-standard","has-post-thumbnail","hentry","category-noticias"],"_links":{"self":[{"href":"https:\/\/hostnetart.com.br\/baixada\/wp-json\/wp\/v2\/posts\/8298","targetHints":{"allow":["GET"]}}],"collection":[{"href":"https:\/\/hostnetart.com.br\/baixada\/wp-json\/wp\/v2\/posts"}],"about":[{"href":"https:\/\/hostnetart.com.br\/baixada\/wp-json\/wp\/v2\/types\/post"}],"author":[{"embeddable":true,"href":"https:\/\/hostnetart.com.br\/baixada\/wp-json\/wp\/v2\/users\/2"}],"replies":[{"embeddable":true,"href":"https:\/\/hostnetart.com.br\/baixada\/wp-json\/wp\/v2\/comments?post=8298"}],"version-history":[{"count":0,"href":"https:\/\/hostnetart.com.br\/baixada\/wp-json\/wp\/v2\/posts\/8298\/revisions"}],"wp:featuredmedia":[{"embeddable":true,"href":"https:\/\/hostnetart.com.br\/baixada\/wp-json\/wp\/v2\/media\/8297"}],"wp:attachment":[{"href":"https:\/\/hostnetart.com.br\/baixada\/wp-json\/wp\/v2\/media?parent=8298"}],"wp:term":[{"taxonomy":"category","embeddable":true,"href":"https:\/\/hostnetart.com.br\/baixada\/wp-json\/wp\/v2\/categories?post=8298"},{"taxonomy":"post_tag","embeddable":true,"href":"https:\/\/hostnetart.com.br\/baixada\/wp-json\/wp\/v2\/tags?post=8298"}],"curies":[{"name":"wp","href":"https:\/\/api.w.org\/{rel}","templated":true}]}}