{"id":8296,"date":"2020-01-29T13:37:03","date_gmt":"2020-01-29T16:37:03","guid":{"rendered":"https:\/\/hostnetart.com.br\/baixada\/fenae-registra-em-livro-meio-seculo-de-historia-dos-trabalhadores-da-caixa\/"},"modified":"2020-01-29T13:37:03","modified_gmt":"2020-01-29T16:37:03","slug":"fenae-registra-em-livro-meio-seculo-de-historia-dos-trabalhadores-da-caixa","status":"publish","type":"post","link":"https:\/\/hostnetart.com.br\/baixada\/fenae-registra-em-livro-meio-seculo-de-historia-dos-trabalhadores-da-caixa\/","title":{"rendered":"Fenae registra em livro meio s\u00e9culo de hist\u00f3ria dos trabalhadores da Caixa"},"content":{"rendered":"<p>A Federa\u00e7\u00e3o Nacional das Associa\u00e7\u00f5es do Pessoal da Caixa Econ\u00f4mica Federal (Fenae) lan\u00e7a nesta quinta-feira (30), em Bras\u00edlia o livro\u00a0<i>Tijolo por Tijolo: meio s\u00e9culo de hist\u00f3ria do pessoal da Caixa<\/i>. Trata-se da primeiro livro que registra a trajet\u00f3ria de mobiliza\u00e7\u00f5es dos empregados do banco. A obra valoriza o investimento no resgate da mem\u00f3ria viva de 48 anos de uni\u00e3o, lutas e conquistas por uma Caixa p\u00fablica.<\/p>\n<p>A publica\u00e7\u00e3o aborda a rela\u00e7\u00e3o entre desenvolvimento,<a href=\"https:\/\/www.redebrasilatual.com.br\/blogs\/blog-na-rede\/2018\/08\/ciclos-de-inclusao-social-provocam-reacao-conservadora-das-elites-do-pais\/\" target=\"_blank\" rel=\"noopener noreferrer\">\u00a0distribui\u00e7\u00e3o de renda e inclus\u00e3o social<\/a>, tema que para a Fenae, na condi\u00e7\u00e3o de protagonista desde 29 de maio de 1971, quando foi fundada, responde pela defesa do car\u00e1ter p\u00fablico da Caixa Econ\u00f4mica Federal e pelo respeito aos direitos dos trabalhadores. O resultado \u00e9 uma detalhada e certeira exposi\u00e7\u00e3o dos mecanismos que levaram os empregados da Caixa a deflagrar movimentos nacionais fortes, amplos e unificados nas \u00faltimas cinco d\u00e9cadas.<\/p>\n<p>Dividida em sete cap\u00edtulos, com pref\u00e1cio de Jair Pedro Ferreira, presidente da Fenae, e posf\u00e1cio do<a href=\"https:\/\/www.redebrasilatual.com.br\/economia\/2019\/11\/jesse-souza-guedes-servico-bancos\/\" target=\"_blank\" rel=\"noopener noreferrer\">\u00a0conhecido soci\u00f3logo Jess\u00e9 Souza<\/a>, a obra cruza a saga nacional do Estado Democr\u00e1tico de Direito como mediador confi\u00e1vel do destino da sociedade e de seu desenvolvimento com a pr\u00f3pria trajet\u00f3ria da Fenae e engajamentos individuais e coletivos de milhares de empregados do \u00fanico banco 100% p\u00fablico do pa\u00eds. Os redatores s\u00e3o tr\u00eas jornalistas cariocas: Aydano Andr\u00e9 Motta, Luciano Dias e Lucila Soares, com a colabora\u00e7\u00e3o direta e indireta de muitas pessoas. O t\u00edtulo \u00e9 resultado da parceria da Fenae com o Selo Perfil\/Verso Brasil Editora.<\/p>\n<p>O livro revela o que muita gente j\u00e1 sabe, mas carece de mais informa\u00e7\u00e3o: o lado dos trabalhadores n\u00e3o combina com choque de gest\u00e3o, arrocho fiscal, alta dos juros e\u00a0<a href=\"https:\/\/www.redebrasilatual.com.br\/economia\/2019\/11\/privatizacao-bancos-publicos-prejudica\/\" target=\"_blank\" rel=\"noopener noreferrer\">venda do patrim\u00f4nio p\u00fablico para a iniciativa privada<\/a>. Do caminho da luta contra o retrocesso, que envolve o cotidiano de muitos banc\u00e1rios e banc\u00e1rias, surge a sabedoria de uma Caixa p\u00fablica, social e forte. Isso est\u00e1 diretamente relacionado ao fato de que, para tornar-se sustent\u00e1vel, o Brasil precisa ser economicamente vi\u00e1vel, socialmente justo, culturalmente ousado e ecologicamente correto.<\/p>\n<p>O livro\u00a0<em>Tijolo por tijolo: meio s\u00e9culo de hist\u00f3ria do pessoal da Caixa<\/em>\u00a0funciona como uma esp\u00e9cie de guia preliminar de um movimento de trabalhadores que n\u00e3o \u00e9 algo linear, mas atua de dois modos: gradualmente e subitamente. O foco, como sempre, \u00e9 a mobiliza\u00e7\u00e3o em defesa da Caixa e de seus trabalhadores, aliada a uma pol\u00edtica de fortalecimento das Associa\u00e7\u00f5es de Pessoal da Caixa (Apcefs).<\/p>\n<p>Mais do que um evento local, o lan\u00e7amento do livro no Distrito Federal ser\u00e1 seguido por iguais iniciativas em outros estados, sempre em parceria com as Apcefs nas diversas regi\u00f5es do pa\u00eds. A proposta \u00e9 de uma obra que n\u00e3o esconde sua veia militante e de compromisso com a Caixa p\u00fablica e social, baseada na reflex\u00e3o cr\u00edtica, na resist\u00eancia e na constru\u00e7\u00e3o de alternativas.<\/p>\n<h5>Servi\u00e7o<\/h5>\n<p>Lan\u00e7amento do livro\u00a0<i>Tijolo por tijolo: meio s\u00e9culo de hist\u00f3ria do pessoal da Caixa<\/i>;<\/p>\n<p>Data: Dia 30 de janeiro de 2020;<\/p>\n<p>Hor\u00e1rio: A partir das 19 horas;<\/p>\n<p>Local: Sede social da Apcef\/DF: SCEN Trecho 3 \u2013 Conjunto 3 \u2013 Lote 2A\/2B \u2013 Bras\u00edlia.<\/p>\n<p><span style=\"text-decoration: underline;\"><strong>Fonte: Rede Brasil Atual<\/strong><\/span><\/p>\n","protected":false},"excerpt":{"rendered":"<p>A Federa\u00e7\u00e3o Nacional das Associa\u00e7\u00f5es do Pessoal da Caixa Econ\u00f4mica Federal (Fenae) lan\u00e7a nesta quinta-feira (30), em Bras\u00edlia o livro\u00a0Tijolo por Tijolo: meio s\u00e9culo de hist\u00f3ria do pessoal da Caixa. Trata-se da primeiro livro que registra a trajet\u00f3ria de mobiliza\u00e7\u00f5es dos empregados do banco. A obra valoriza o investimento no resgate da mem\u00f3ria viva de [&hellip;]<\/p>\n","protected":false},"author":2,"featured_media":8295,"comment_status":"","ping_status":"","sticky":false,"template":"","format":"standard","meta":{"footnotes":""},"categories":[3],"tags":[],"class_list":["post-8296","post","type-post","status-publish","format-standard","has-post-thumbnail","hentry","category-noticias"],"_links":{"self":[{"href":"https:\/\/hostnetart.com.br\/baixada\/wp-json\/wp\/v2\/posts\/8296","targetHints":{"allow":["GET"]}}],"collection":[{"href":"https:\/\/hostnetart.com.br\/baixada\/wp-json\/wp\/v2\/posts"}],"about":[{"href":"https:\/\/hostnetart.com.br\/baixada\/wp-json\/wp\/v2\/types\/post"}],"author":[{"embeddable":true,"href":"https:\/\/hostnetart.com.br\/baixada\/wp-json\/wp\/v2\/users\/2"}],"replies":[{"embeddable":true,"href":"https:\/\/hostnetart.com.br\/baixada\/wp-json\/wp\/v2\/comments?post=8296"}],"version-history":[{"count":0,"href":"https:\/\/hostnetart.com.br\/baixada\/wp-json\/wp\/v2\/posts\/8296\/revisions"}],"wp:featuredmedia":[{"embeddable":true,"href":"https:\/\/hostnetart.com.br\/baixada\/wp-json\/wp\/v2\/media\/8295"}],"wp:attachment":[{"href":"https:\/\/hostnetart.com.br\/baixada\/wp-json\/wp\/v2\/media?parent=8296"}],"wp:term":[{"taxonomy":"category","embeddable":true,"href":"https:\/\/hostnetart.com.br\/baixada\/wp-json\/wp\/v2\/categories?post=8296"},{"taxonomy":"post_tag","embeddable":true,"href":"https:\/\/hostnetart.com.br\/baixada\/wp-json\/wp\/v2\/tags?post=8296"}],"curies":[{"name":"wp","href":"https:\/\/api.w.org\/{rel}","templated":true}]}}