{"id":8288,"date":"2020-01-28T19:06:11","date_gmt":"2020-01-28T22:06:11","guid":{"rendered":"https:\/\/hostnetart.com.br\/baixada\/seeb-rj-completa-90-anos-de-luta-e-resistencia\/"},"modified":"2020-01-28T19:06:11","modified_gmt":"2020-01-28T22:06:11","slug":"seeb-rj-completa-90-anos-de-luta-e-resistencia","status":"publish","type":"post","link":"https:\/\/hostnetart.com.br\/baixada\/seeb-rj-completa-90-anos-de-luta-e-resistencia\/","title":{"rendered":"Seeb RJ completa 90 anos de luta e resist\u00eancia"},"content":{"rendered":"<p>Protagonista das grandes lutas da classe trabalhadora, o Sindicato dos Banc\u00e1rios do Rio de Janeiro (Seeb\/RJ) comemorou, nesta segunda-feira (27), seus 90 anos, completados em 17 janeiro. O evento realizado no audit\u00f3rio da entidade foi marcado pelo debate sobre a atual conjuntura econ\u00f4mica, pol\u00edtica e social, e as perspectivas deste ano para a categoria.<\/p>\n<div class=\"wp-block-image\">\n<figure class=\"alignleft size-large is-resized\"><img fetchpriority=\"high\" decoding=\"async\" class=\"wp-image-276844 lazyloaded\" src=\"https:\/\/contrafcut.com.br\/wp-content\/uploads\/2020\/01\/83602259_2300393493587133_2908329699962781696_o.jpg?x97224\" sizes=\"(max-width: 315px) 100vw, 315px\" srcset=\"https:\/\/contrafcut.com.br\/wp-content\/uploads\/2020\/01\/83602259_2300393493587133_2908329699962781696_o.jpg 960w, https:\/\/contrafcut.com.br\/wp-content\/uploads\/2020\/01\/83602259_2300393493587133_2908329699962781696_o-307x230.jpg 307w, https:\/\/contrafcut.com.br\/wp-content\/uploads\/2020\/01\/83602259_2300393493587133_2908329699962781696_o-768x576.jpg 768w\" alt=\"\" width=\"315\" height=\"235\" data-lazy-srcset=\"https:\/\/contrafcut.com.br\/wp-content\/uploads\/2020\/01\/83602259_2300393493587133_2908329699962781696_o.jpg 960w, https:\/\/contrafcut.com.br\/wp-content\/uploads\/2020\/01\/83602259_2300393493587133_2908329699962781696_o-307x230.jpg 307w, https:\/\/contrafcut.com.br\/wp-content\/uploads\/2020\/01\/83602259_2300393493587133_2908329699962781696_o-768x576.jpg 768w\" data-lazy-sizes=\"(max-width: 315px) 100vw, 315px\" data-lazy-src=\"https:\/\/contrafcut.com.br\/wp-content\/uploads\/2020\/01\/83602259_2300393493587133_2908329699962781696_o.jpg?x97224\" data-was-processed=\"true\" \/><\/figure>\n<\/div>\n<p>\u201cO Sindicato dos Banc\u00e1rios do Rio de Janeiro contribui para a luta da categoria n\u00e3o apenas no Rio. \u00c9 fundamental para a manuten\u00e7\u00e3o da unidade nacional e para as conquistas em todo o pa\u00eds\u201d, afirmou a presidenta da Confedera\u00e7\u00e3o Nacional dos Trabalhadores do Ramo Financeiro (Contraf-CUT), Juvandia Moreira, participou da comemora\u00e7\u00e3o. \u201cA institui\u00e7\u00e3o est\u00e1 de parab\u00e9ns, mas tamb\u00e9m as banc\u00e1rias e banc\u00e1rios que fazem parte de uma entidade combativa, que os representa e defende verdadeiramente seus direitos\u201d, completou a presidenta da Contraf-CUT.<br \/>A presidenta do Seeb\/RJ, Adriana Nalesso, relembrou os 90 anos da hist\u00f3ria do sindicato e frisou que a entidade sempre se pautou pela organiza\u00e7\u00e3o das lutas da categoria e garantia de in\u00fameras conquistas ao longo deste per\u00edodo. \u201cO sindicato sempre participou ativamente das mobiliza\u00e7\u00f5es nacionais da sociedade, contra a ditadura, pela democracia e por justi\u00e7a social. Defendeu o fortalecimento desta atua\u00e7\u00e3o de modo a impedir amea\u00e7as aos direitos democr\u00e1ticos, corte de direitos socais e do investimento p\u00fablico, sucateamento e entrega das empresas estatais ao setor privado e de submiss\u00e3o ao capital internacional\u201d, afirmou.<\/p>\n<div class=\"wp-block-image\">\n<figure class=\"alignright size-large is-resized\"><img decoding=\"async\" class=\"wp-image-276845 lazyloaded\" src=\"https:\/\/contrafcut.com.br\/wp-content\/uploads\/2020\/01\/84985670_2300393313587151_8470398556866347008_o.jpg?x97224\" alt=\"\" width=\"329\" height=\"245\" data-lazy-src=\"https:\/\/contrafcut.com.br\/wp-content\/uploads\/2020\/01\/84985670_2300393313587151_8470398556866347008_o.jpg?x97224\" data-was-processed=\"true\" \/><\/figure>\n<\/div>\n<p>Para Vinicius de Assump\u00e7\u00e3o Silva, vice-presidente da Contraf-CUT, a hist\u00f3ria do Seeb\/RJ se une \u00e0 hist\u00f3ria de lutas da classe trabalhadora. \u201cEsta entidade sindical cumpre fielmente o seu papel de representar os interesses da categoria banc\u00e1ria e da classe trabalhadora. Sinto um misto de orgulho e realiza\u00e7\u00e3o por ter tido a oportunidade de dirigir este sindicato, num momento superimportante, no qual os trabalhadores sa\u00edram \u00e0s ruas para recuperar seus direitos e avan\u00e7ar em novas conquistas. O significado dos 90 anos do Sindicato dos Banc\u00e1rios do Rio de Janeiro \u00e9 realiza\u00e7\u00e3o\u201d, afirmou.<br \/>A hist\u00f3ria do Seeb\/Rio de Janeiro \u00e9 marcada por lutas e resist\u00eancia. Durante o evento, o ex-presidente do Seeb\/RJ, Alu\u00edzio Palhano, torturado e morto em 1971 pela ditadura militar, foi homenageado com a entrega de uma placa comemorativa dos 90 anos ao integrante do Grupo Tortura Nunca Mais, Jo\u00e3o Costa, que representou a fam\u00edlia do ex-dirigente. Tamb\u00e9m foram homenageados com a placa comemorativa ex-presidentes da entidade, da d\u00e9cada de 1970 a 2015, entre eles, Cyro Garcia, Fernanda Carisio, Jos\u00e9 Ferreira, Vin\u00edcius Assump\u00e7\u00e3o e Almir Aguiar. Participaram ainda da comemora\u00e7\u00e3o dirigentes de centrais sindicais, como a CUT, CTB e Intersindical e de outros sindicatos.<br \/>\u201cO sindicato sempre se destacou, desde os anos de chumbo, com atua\u00e7\u00e3o da dire\u00e7\u00e3o, liderada por Alu\u00edsio Palhano, preso, torturado e assassinado pelos militares, como nas lutas pela funda\u00e7\u00e3o da CUT (Central \u00danica dos Trabalhadores), da Contraf-CUT, em defesa dos bancos e das empresas p\u00fablicas, e das muitas conquistas para os banc\u00e1rios. Nossa maior luta \u00e9 manter as conquistas e manter nossa resist\u00eancia\u201d, avaliou Almir Aguiar, secret\u00e1rio de Combate ao Racismo da Contraf-CUT.<br \/>\u201cFazer desse sindicato um instrumento de luta para transformar a sociedade mais justa, democr\u00e1tica e igualit\u00e1ria tem sido fundamental para dar um g\u00e1s em nossos cora\u00e7\u00f5es por dias melhores, independente da atual conjuntura diante de um governo neofascista. Vamos resistir, porque juntos somos fortes\u201d, completou Almir Aguiar.<\/p>\n<h3>Resist\u00eancia contra os ataques do governo<\/h3>\n<div class=\"wp-block-image\">\n<figure class=\"aligncenter size-large is-resized\"><img decoding=\"async\" class=\"wp-image-276848 lazyloaded\" src=\"https:\/\/contrafcut.com.br\/wp-content\/uploads\/2020\/01\/83311564_2300394983586984_5392437783518248960_o-1.jpg?x97224\" sizes=\"(max-width: 449px) 100vw, 449px\" srcset=\"https:\/\/contrafcut.com.br\/wp-content\/uploads\/2020\/01\/83311564_2300394983586984_5392437783518248960_o-1.jpg 960w, https:\/\/contrafcut.com.br\/wp-content\/uploads\/2020\/01\/83311564_2300394983586984_5392437783518248960_o-1-768x430.jpg 768w\" alt=\"\" width=\"449\" height=\"250\" data-lazy-srcset=\"https:\/\/contrafcut.com.br\/wp-content\/uploads\/2020\/01\/83311564_2300394983586984_5392437783518248960_o-1.jpg 960w, https:\/\/contrafcut.com.br\/wp-content\/uploads\/2020\/01\/83311564_2300394983586984_5392437783518248960_o-1-768x430.jpg 768w\" data-lazy-sizes=\"(max-width: 449px) 100vw, 449px\" data-lazy-src=\"https:\/\/contrafcut.com.br\/wp-content\/uploads\/2020\/01\/83311564_2300394983586984_5392437783518248960_o-1.jpg?x97224\" data-was-processed=\"true\" \/><\/figure>\n<\/div>\n<p>O debate tamb\u00e9m contou com a participa\u00e7\u00e3o do professor do Instituto de Economia da Universidade Federal do Rio de Janeiro (UFRJ), Jo\u00e3o Sics\u00fa, que previu a continuidade da estagna\u00e7\u00e3o econ\u00f4mica como consequ\u00eancia das medidas j\u00e1 tomadas pelo governo em 2019 e as previstas para serem colocadas em pr\u00e1tica este ano, como as propostas de emendas constitucionais (PECs), como cortes no investimento p\u00fablico, de sal\u00e1rios dos servidores e outros projetos a serem votados pelo Congresso Nacional. \u201cNenhum pa\u00eds sai do fundo do po\u00e7o e passa a crescer com um corte t\u00e3o profundo no investimento p\u00fablico. E sem a retomada do crescimento e do consumo, nenhum empres\u00e1rio vai investir no aumento da produ\u00e7\u00e3o. As medidas do governo far\u00e3o, muito provavelmente, com que a atividade econ\u00f4mica se mantenha patinando como est\u00e1\u201d, avaliou.<br \/>Juvandia Moreira defendeu a unidade dos banc\u00e1rios para, na campanha salarial deste ano, preservar os direitos contidos na Conven\u00e7\u00e3o Coletiva de Trabalho a ser negociada com a Fenaban. \u201cNossa unidade \u00e9 a nossa maior for\u00e7a\u201d, argumentou a presidenta da Contraf-CUT ao defender que a mesma unidade deve ser constru\u00edda pelos sindicatos com diversos setores da sociedade, para impedir o aprofundamento do projeto do governo de mais retrocessos nos direitos sociais, sucateamento de empresas p\u00fablicas, como o Banco do Brasil, Caixa Econ\u00f4mica Federal, Petrobras e Eletrobras, entre outras. \u201cTemos que saber mostrar para a sociedade que o governo est\u00e1 concentrando a renda, aumentando a mis\u00e9ria, a fome, cortando drasticamente as verbas de setores estrat\u00e9gicos para o desenvolvimento do pa\u00eds e desmantelando os bancos federais, que s\u00e3o instrumentos de fomento\u201d, defendeu.<\/p>\n<p><strong>Fonte: Contraf-CUT<\/strong><\/p>\n","protected":false},"excerpt":{"rendered":"<p>Protagonista das grandes lutas da classe trabalhadora, o Sindicato dos Banc\u00e1rios do Rio de Janeiro (Seeb\/RJ) comemorou, nesta segunda-feira (27), seus 90 anos, completados em 17 janeiro. O evento realizado no audit\u00f3rio da entidade foi marcado pelo debate sobre a atual conjuntura econ\u00f4mica, pol\u00edtica e social, e as perspectivas deste ano para a categoria. \u201cO [&hellip;]<\/p>\n","protected":false},"author":2,"featured_media":8287,"comment_status":"","ping_status":"","sticky":false,"template":"","format":"standard","meta":{"footnotes":""},"categories":[3],"tags":[],"class_list":["post-8288","post","type-post","status-publish","format-standard","has-post-thumbnail","hentry","category-noticias"],"_links":{"self":[{"href":"https:\/\/hostnetart.com.br\/baixada\/wp-json\/wp\/v2\/posts\/8288","targetHints":{"allow":["GET"]}}],"collection":[{"href":"https:\/\/hostnetart.com.br\/baixada\/wp-json\/wp\/v2\/posts"}],"about":[{"href":"https:\/\/hostnetart.com.br\/baixada\/wp-json\/wp\/v2\/types\/post"}],"author":[{"embeddable":true,"href":"https:\/\/hostnetart.com.br\/baixada\/wp-json\/wp\/v2\/users\/2"}],"replies":[{"embeddable":true,"href":"https:\/\/hostnetart.com.br\/baixada\/wp-json\/wp\/v2\/comments?post=8288"}],"version-history":[{"count":0,"href":"https:\/\/hostnetart.com.br\/baixada\/wp-json\/wp\/v2\/posts\/8288\/revisions"}],"wp:featuredmedia":[{"embeddable":true,"href":"https:\/\/hostnetart.com.br\/baixada\/wp-json\/wp\/v2\/media\/8287"}],"wp:attachment":[{"href":"https:\/\/hostnetart.com.br\/baixada\/wp-json\/wp\/v2\/media?parent=8288"}],"wp:term":[{"taxonomy":"category","embeddable":true,"href":"https:\/\/hostnetart.com.br\/baixada\/wp-json\/wp\/v2\/categories?post=8288"},{"taxonomy":"post_tag","embeddable":true,"href":"https:\/\/hostnetart.com.br\/baixada\/wp-json\/wp\/v2\/tags?post=8288"}],"curies":[{"name":"wp","href":"https:\/\/api.w.org\/{rel}","templated":true}]}}