{"id":8286,"date":"2020-01-28T14:21:12","date_gmt":"2020-01-28T17:21:12","guid":{"rendered":"https:\/\/hostnetart.com.br\/baixada\/29-de-janeiro-e-o-dia-da-vibilidade-trans\/"},"modified":"2020-01-28T14:21:12","modified_gmt":"2020-01-28T17:21:12","slug":"29-de-janeiro-e-o-dia-da-vibilidade-trans","status":"publish","type":"post","link":"https:\/\/hostnetart.com.br\/baixada\/29-de-janeiro-e-o-dia-da-vibilidade-trans\/","title":{"rendered":"29 de janeiro \u00e9 o Dia da Visibilidade Trans"},"content":{"rendered":"<p>Neste 29 de janeiro \u00e9 celebrado o Dia da Visibilidade Trans. Falar sobre transexualidade se torna cada vez mais complexo quando se vive numa sociedade munida de \u00f3dio e guiada por discursos conservadores. Por\u00e9m, a cria\u00e7\u00e3o de projetos voltados \u00e0 esta quest\u00e3o e de acolhimento \u00e0s pessoas LGBTQIA+ aumentam cada vez mais a visibilidade do tema e contribuem para o combate \u00e0 viol\u00eancia.<\/p>\n<p>A Casa 1, por exemplo, localizada na regi\u00e3o central de S\u00e3o Paulo \u00e9 uma Organiza\u00e7\u00e3o N\u00e3o Governamental (ONG) que conta com atividades culturais e educativas com foco em promover a diversidade cultural e uma programa\u00e7\u00e3o gratuita e inclusiva. O espa\u00e7o \u00e9 aberto para o di\u00e1logo e acolhe pessoas que foram expulsas de casa por suas orienta\u00e7\u00f5es afetivas sexuais e identidades de g\u00eanero.<\/p>\n<p>Situa\u00e7\u00f5es como essas, quando uma pessoa \u00e9 discriminada pela sua identidade de g\u00eanero, caracterizam-se como transfobia, que \u00e9 crime de racismo com pena de 2 a 5 anos. Para Adilson Barros, diretor da Confedera\u00e7\u00e3o Nacional dos Trabalhadores do Ramo Financeiro (Contraf-CUT), apesar da nova lei, os ataques e os crimes continuam atingindo diretamente a comunidade LGBTQIA+. \u201cEstamos, infelizmente, no ranking dos que mais matam transexuais no mundo. Este quadro precisa mudar. A nossa resist\u00eancia \u00e9 o que nos mant\u00e9m em p\u00e9 e vivos. A sociedade precisa entender de uma vez por todas que ela \u00e9 diversa e que a nossa luta \u00e9 por direitos e cidadania\u201d, afirmou.<\/p>\n<p>De acordo com Adilson, os espa\u00e7os considerados heteronormativos precisam ser democr\u00e1ticos e ser ocupados tamb\u00e9m. \u201cA arte e a cultura j\u00e1 come\u00e7aram a dar oportunidades para todos e as pessoas sinalizam este reconhecimento. Agora falta ter uma melhor compreens\u00e3o e respeito na vida familiar e no mercado de trabalho\u201d, disse.<\/p>\n<p>Neste dia comemorativo, o diretor da Contraf-CUT enfatiza a import\u00e2ncia de celebrar os direitos humanos. \u201cMesmo com este discurso de \u00f3dio n\u00e3o sairemos da luta por mundo de paz, respeito, cidadania em sua plenitude. Portanto, n\u00e3o ser\u00e1 permitido deixar de celebrar e lembrar que somos humanos\u201d, concluiu.<\/p>\n<p><strong>Fonte: Contraf-CUT<\/strong><\/p>\n","protected":false},"excerpt":{"rendered":"<p>Neste 29 de janeiro \u00e9 celebrado o Dia da Visibilidade Trans. Falar sobre transexualidade se torna cada vez mais complexo quando se vive numa sociedade munida de \u00f3dio e guiada por discursos conservadores. Por\u00e9m, a cria\u00e7\u00e3o de projetos voltados \u00e0 esta quest\u00e3o e de acolhimento \u00e0s pessoas LGBTQIA+ aumentam cada vez mais a visibilidade do [&hellip;]<\/p>\n","protected":false},"author":2,"featured_media":8285,"comment_status":"","ping_status":"","sticky":false,"template":"","format":"standard","meta":{"footnotes":""},"categories":[3],"tags":[],"class_list":["post-8286","post","type-post","status-publish","format-standard","has-post-thumbnail","hentry","category-noticias"],"_links":{"self":[{"href":"https:\/\/hostnetart.com.br\/baixada\/wp-json\/wp\/v2\/posts\/8286","targetHints":{"allow":["GET"]}}],"collection":[{"href":"https:\/\/hostnetart.com.br\/baixada\/wp-json\/wp\/v2\/posts"}],"about":[{"href":"https:\/\/hostnetart.com.br\/baixada\/wp-json\/wp\/v2\/types\/post"}],"author":[{"embeddable":true,"href":"https:\/\/hostnetart.com.br\/baixada\/wp-json\/wp\/v2\/users\/2"}],"replies":[{"embeddable":true,"href":"https:\/\/hostnetart.com.br\/baixada\/wp-json\/wp\/v2\/comments?post=8286"}],"version-history":[{"count":0,"href":"https:\/\/hostnetart.com.br\/baixada\/wp-json\/wp\/v2\/posts\/8286\/revisions"}],"wp:featuredmedia":[{"embeddable":true,"href":"https:\/\/hostnetart.com.br\/baixada\/wp-json\/wp\/v2\/media\/8285"}],"wp:attachment":[{"href":"https:\/\/hostnetart.com.br\/baixada\/wp-json\/wp\/v2\/media?parent=8286"}],"wp:term":[{"taxonomy":"category","embeddable":true,"href":"https:\/\/hostnetart.com.br\/baixada\/wp-json\/wp\/v2\/categories?post=8286"},{"taxonomy":"post_tag","embeddable":true,"href":"https:\/\/hostnetart.com.br\/baixada\/wp-json\/wp\/v2\/tags?post=8286"}],"curies":[{"name":"wp","href":"https:\/\/api.w.org\/{rel}","templated":true}]}}