{"id":8272,"date":"2020-01-24T18:33:22","date_gmt":"2020-01-24T21:33:22","guid":{"rendered":"https:\/\/hostnetart.com.br\/baixada\/taxa-para-cheque-especial-podera-afetar-mesmo-quem-nao-usa-o-limite\/"},"modified":"2020-01-24T18:33:22","modified_gmt":"2020-01-24T21:33:22","slug":"taxa-para-cheque-especial-podera-afetar-mesmo-quem-nao-usa-o-limite","status":"publish","type":"post","link":"https:\/\/hostnetart.com.br\/baixada\/taxa-para-cheque-especial-podera-afetar-mesmo-quem-nao-usa-o-limite\/","title":{"rendered":"Taxa para cheque especial poder\u00e1 afetar mesmo quem n\u00e3o usa o limite"},"content":{"rendered":"<p>Come\u00e7aram a valer, na semana passada, as novas regras para o cheque especial, umas das modalidades de cr\u00e9dito com juros mais altos do mercado. De acordo com a resolu\u00e7\u00e3o do Banco Central que instituiu a mudan\u00e7a, as institui\u00e7\u00f5es financeiras s\u00f3 poder\u00e3o oferecer esse tipo de cr\u00e9dito com juros mensais de at\u00e9 8% ao m\u00eas (150% ao ano). Por\u00e9m, a pretextos de \u201creduzir juros\u201d, os bancos poder\u00e3o cobrar, a partir de agora, uma taxa de 0,25% apenas para incluir o cheque especial na conta do cliente, mesmo que ele n\u00e3o use.<\/p>\n<p>Fica isento de tarifa quem tem at\u00e9 R$ 500 de limite no cheque especial. Acima desse limite, o percentual passa a ser cobrado. Nesta primeira fase, a cobran\u00e7a s\u00f3 acontecer\u00e1 para quem abrir uma nova conta. Para quem j\u00e1 tem cheque especial, a mudan\u00e7a come\u00e7ar\u00e1 a valer a partir do dia 1\u00ba de junho.<\/p>\n<p>As <a href=\"https:\/\/www.redebrasilatual.com.br\/economia\/2019\/11\/bc-limita-juros-libera-cheque-especial\/\" target=\"_blank\" rel=\"noopener noreferrer\">altera\u00e7\u00f5es foram definidas em novembro<\/a> pelo Banco Central. At\u00e9 ent\u00e3o, n\u00e3o havia nenhuma limita\u00e7\u00e3o de taxa para o cheque especial, cuja m\u00e9dia de juros cobrada ultrapassava os 12% ao m\u00eas.<\/p>\n<p>Caso o cliente possua um limite de R$ 4.000 no cheque especial, ele passa a ter que pagar uma tarifa mensal de R$ 8,75, que corresponde a 0,25% de R$ 3.500, j\u00e1 que os outros R$ 500 est\u00e3o na faixa de isen\u00e7\u00e3o. Se o cliente usar o cheque especial, o valor da tarifa ser\u00e1 descontado sobre os juros que ele ter\u00e1 de pagar pelo uso do cr\u00e9dito. Na pr\u00e1tica, portanto, a tarifa s\u00f3 \u00e9 cobrada para disponibilizar o servi\u00e7o, desde que o cliente n\u00e3o use.<\/p>\n<p>De acordo com a Associa\u00e7\u00e3o Brasileira de Defesa do Consumidor (Proteste), o consumidor deve ficar atento e rever o quanto tem dispon\u00edvel de limite de <a href=\"https:\/\/www.redebrasilatual.com.br\/destaques\/2020\/01\/brasil-cai-para-106a-posicao-em-ranking-sobre-percepcao-do-combate-a-corrupcao\/\" target=\"_blank\" rel=\"noopener noreferrer\">cheque especial em sua conta<\/a>, para evitar pagar uma tarifa de um valor que n\u00e3o vai utilizar.<\/p>\n<p>Outra orienta\u00e7\u00e3o da entidade \u00e9 que as pessoas evitem ao m\u00e1ximo o uso do cheque especial, devido ao alto valor dos juros, que s\u00f3 perdem para os juros cobrados no cart\u00e3o de cr\u00e9dito, que ultrapassam os 200% ao ano.<\/p>\n<p>\u201cMuitas pessoas cometem o erro de utilizar o cheque especial como extens\u00e3o de renda, por isso apesar dos juros alt\u00edssimos cobrados, ele segue como uma das modalidades de cr\u00e9dito mais usadas pelos correntistas que excedem o or\u00e7amento no final do m\u00eas. Por\u00e9m, fica o alerta de que o cheque especial deve ser evitado ao m\u00e1ximo. Ele deve ser usado em situa\u00e7\u00f5es de extrema emerg\u00eancia e por um curt\u00edssimo prazo para evitar ter que contratar um empr\u00e9stimo para quitar o cheque especial\u201d, afirma a Proteste, em nota.<\/p>\n<h3><strong>A\u00e7\u00e3o da OAB<\/strong><\/h3>\n<p>A Ordem dos Advogados do Brasil (OAB) \u00e9 contra a cobran\u00e7a de tarifa pela disponibiliza\u00e7\u00e3o do cheque especial e ingressou na Justi\u00e7a com uma a\u00e7\u00e3o civil p\u00fablica para barrar a medida. O caso dever\u00e1 ser analisado pelo Supremo Tribunal Federal (STF).<\/p>\n<p>De acordo com a OAB, cobrar pela disponibiliza\u00e7\u00e3o de cr\u00e9dito n\u00e3o utilizado fragiliza a prote\u00e7\u00e3o do consumidor, al\u00e9m de ser ilegal e inconstitucional. Segundo dados do pr\u00f3prio Banco Central, do universo de 80 milh\u00f5es de pessoas que possuem contas banc\u00e1rias, cerca de 19 milh\u00f5es podem ser afetadas com a nova mudan\u00e7a, por possu\u00edrem limite de cheque especial acima de R$ 500.<\/p>\n<p><strong>Fonte: Rede Brasil Atual<\/strong><\/p>\n","protected":false},"excerpt":{"rendered":"<p>Come\u00e7aram a valer, na semana passada, as novas regras para o cheque especial, umas das modalidades de cr\u00e9dito com juros mais altos do mercado. De acordo com a resolu\u00e7\u00e3o do Banco Central que instituiu a mudan\u00e7a, as institui\u00e7\u00f5es financeiras s\u00f3 poder\u00e3o oferecer esse tipo de cr\u00e9dito com juros mensais de at\u00e9 8% ao m\u00eas (150% [&hellip;]<\/p>\n","protected":false},"author":2,"featured_media":8271,"comment_status":"","ping_status":"","sticky":false,"template":"","format":"standard","meta":{"footnotes":""},"categories":[3],"tags":[],"class_list":["post-8272","post","type-post","status-publish","format-standard","has-post-thumbnail","hentry","category-noticias"],"_links":{"self":[{"href":"https:\/\/hostnetart.com.br\/baixada\/wp-json\/wp\/v2\/posts\/8272","targetHints":{"allow":["GET"]}}],"collection":[{"href":"https:\/\/hostnetart.com.br\/baixada\/wp-json\/wp\/v2\/posts"}],"about":[{"href":"https:\/\/hostnetart.com.br\/baixada\/wp-json\/wp\/v2\/types\/post"}],"author":[{"embeddable":true,"href":"https:\/\/hostnetart.com.br\/baixada\/wp-json\/wp\/v2\/users\/2"}],"replies":[{"embeddable":true,"href":"https:\/\/hostnetart.com.br\/baixada\/wp-json\/wp\/v2\/comments?post=8272"}],"version-history":[{"count":0,"href":"https:\/\/hostnetart.com.br\/baixada\/wp-json\/wp\/v2\/posts\/8272\/revisions"}],"wp:featuredmedia":[{"embeddable":true,"href":"https:\/\/hostnetart.com.br\/baixada\/wp-json\/wp\/v2\/media\/8271"}],"wp:attachment":[{"href":"https:\/\/hostnetart.com.br\/baixada\/wp-json\/wp\/v2\/media?parent=8272"}],"wp:term":[{"taxonomy":"category","embeddable":true,"href":"https:\/\/hostnetart.com.br\/baixada\/wp-json\/wp\/v2\/categories?post=8272"},{"taxonomy":"post_tag","embeddable":true,"href":"https:\/\/hostnetart.com.br\/baixada\/wp-json\/wp\/v2\/tags?post=8272"}],"curies":[{"name":"wp","href":"https:\/\/api.w.org\/{rel}","templated":true}]}}