{"id":8270,"date":"2020-01-24T18:31:54","date_gmt":"2020-01-24T21:31:54","guid":{"rendered":"https:\/\/hostnetart.com.br\/baixada\/caixa-anuncia-nova-reestruturacao-e-preocupa-empregados\/"},"modified":"2020-01-24T18:31:54","modified_gmt":"2020-01-24T21:31:54","slug":"caixa-anuncia-nova-reestruturacao-e-preocupa-empregados","status":"publish","type":"post","link":"https:\/\/hostnetart.com.br\/baixada\/caixa-anuncia-nova-reestruturacao-e-preocupa-empregados\/","title":{"rendered":"Caixa anuncia nova reestrutura\u00e7\u00e3o e preocupa empregados"},"content":{"rendered":"<p>A Caixa Econ\u00f4mica Federal anunciou, nesta semana, uma nova reestrutura\u00e7\u00e3o na rede, com a justificativa de \u201calinhamento da Matriz com a Rede\u201d e \u201cgarantia do padr\u00e3o na execu\u00e7\u00e3o das diretrizes corporativas\u201d. Pela proposta, haver\u00e1 redu\u00e7\u00e3o na quantidade das atuais superintend\u00eancias regionais e a cria\u00e7\u00e3o de outras inst\u00e2ncias de decis\u00e3o no banco, como as superintend\u00eancias executivas na rede.<\/p>\n<p>\u201c\u00c9 lament\u00e1vel que, mais uma vez, a empresa adote medidas que mexem com a vida funcional dos trabalhadores sem discuss\u00e3o com as representa\u00e7\u00f5es deles. A indefini\u00e7\u00e3o provocada por medidas de reestrutura\u00e7\u00f5es sem qualquer debate com os trabalhadores est\u00e1 gerando um clima de medo e inseguran\u00e7a no ambiente de trabalho, acarretando muitas d\u00favidas entre todos os banc\u00e1rios das \u00e1reas afetadas\u201d, afirmou S\u00e9rgio Takemoto, Secret\u00e1rio de Finan\u00e7as da Confedera\u00e7\u00e3o Nacional dos Trabalhadores do Ramo Financeiro e vice-presidente da Federa\u00e7\u00e3o Nacional das Associa\u00e7\u00f5es do Pessoal da Caixa Econ\u00f4mica Federal (Fenae).<\/p>\n<p>Segundo informa\u00e7\u00f5es da dire\u00e7\u00e3o do banco, a reestrutura\u00e7\u00e3o reduzir\u00e1 o n\u00famero de Superintend\u00eancias (Sure) de oito para seis (as Sure passar\u00e3o a se chamar Superintend\u00eancias Nacionais de Varejo \u2013 SUV). As superintend\u00eancias regionais tamb\u00e9m ser\u00e3o reduzidas das atuais 84 para 54.<\/p>\n<p>\u201c\u00c9 um desrespeito com os empregados, que est\u00e3o bastante apreensivos com a not\u00edcia de mais uma etapa da reestrutura\u00e7\u00e3o que vem sendo promovida desde 2016 e que j\u00e1 resultou no descomissionamento de centenas de empregados\u201d, protesta Dion\u00edsio Reis, coordenador da Comiss\u00e3o Executiva dos Empregados da Caixa (CEE\/Caixa).<\/p>\n<p>O resultado da reestrutura\u00e7\u00e3o \u2013 que j\u00e1 vem sendo implantada desde 2016 \u2013 \u00e9 uma inc\u00f3gnita. Mas analisando este processo que visa a segmenta\u00e7\u00e3o e a verticaliza\u00e7\u00e3o (prioriza\u00e7\u00e3o de clientes de rendas mais elevadas), e que prometia o fortalecimento da Caixa frente \u00e0 concorr\u00eancia, o que se verificou foi exatamente o contr\u00e1rio: o banco p\u00fablico perdeu mercado para os bancos privados. O Santander e o Ita\u00fa, por exemplo, ganharam espa\u00e7o no mercado de cr\u00e9dito, com destaque para o empr\u00e9stimo imobili\u00e1rio.<\/p>\n<p>Aliado a isso, o lucro da Caixa tem dependido cada vez menos das opera\u00e7\u00f5es banc\u00e1rias, como oferta de cr\u00e9dito, e mais da venda de ativos e de opera\u00e7\u00f5es de tesouraria, como venda de t\u00edtulos (ITVM), e comercializa\u00e7\u00e3o de a\u00e7\u00f5es (Petrobras), ou com a imposi\u00e7\u00e3o de um teto de gastos para o Sa\u00fade Caixa. <\/p>\n<p>A dire\u00e7\u00e3o do banco tamb\u00e9m nega que a venda de ativos significa a privatiza\u00e7\u00e3o do banco. \u201cNa verdade, \u00e9 uma sabotagem ao banco p\u00fablico, porque por um lado se cria uma narrativa de que a venda de ativos ir\u00e1 capitalizar o banco, mas por outro, se descapitaliza o banco passando para o Tesouro o capital adquirido com a venda de ativos, como o que a dire\u00e7\u00e3o pretende com o IHCD. E vai chegar a hora de que o banco n\u00e3o ter\u00e1 mais o que vender\u201d, alerta o dirigente.<\/p>\n<p>Outra preocupa\u00e7\u00e3o das entidades representativas dos empregados \u00e9 que a reestrutura\u00e7\u00e3o sinaliza para uma clara mudan\u00e7a no perfil do banco com foco nos neg\u00f3cios. \u201cNossa avalia\u00e7\u00e3o \u00e9 de que as cobran\u00e7as por metas v\u00e3o aumentar e, consequentemente o ass\u00e9dio moral tamb\u00e9m. A empresa precisar dar estrutura para os empregadores fazerem bem o seu trabalho e isso n\u00e3o acontece hoje\u201d, destaca a secret\u00e1ria da Cultura e representante da Contraf-CUT nas negocia\u00e7\u00f5es com o banco, Fabiana Uehara.<\/p>\n<p><strong>Fonte: Contraf-CUT<\/strong><\/p>\n","protected":false},"excerpt":{"rendered":"<p>A Caixa Econ\u00f4mica Federal anunciou, nesta semana, uma nova reestrutura\u00e7\u00e3o na rede, com a justificativa de \u201calinhamento da Matriz com a Rede\u201d e \u201cgarantia do padr\u00e3o na execu\u00e7\u00e3o das diretrizes corporativas\u201d. Pela proposta, haver\u00e1 redu\u00e7\u00e3o na quantidade das atuais superintend\u00eancias regionais e a cria\u00e7\u00e3o de outras inst\u00e2ncias de decis\u00e3o no banco, como as superintend\u00eancias executivas [&hellip;]<\/p>\n","protected":false},"author":2,"featured_media":8269,"comment_status":"","ping_status":"","sticky":false,"template":"","format":"standard","meta":{"footnotes":""},"categories":[3],"tags":[],"class_list":["post-8270","post","type-post","status-publish","format-standard","has-post-thumbnail","hentry","category-noticias"],"_links":{"self":[{"href":"https:\/\/hostnetart.com.br\/baixada\/wp-json\/wp\/v2\/posts\/8270","targetHints":{"allow":["GET"]}}],"collection":[{"href":"https:\/\/hostnetart.com.br\/baixada\/wp-json\/wp\/v2\/posts"}],"about":[{"href":"https:\/\/hostnetart.com.br\/baixada\/wp-json\/wp\/v2\/types\/post"}],"author":[{"embeddable":true,"href":"https:\/\/hostnetart.com.br\/baixada\/wp-json\/wp\/v2\/users\/2"}],"replies":[{"embeddable":true,"href":"https:\/\/hostnetart.com.br\/baixada\/wp-json\/wp\/v2\/comments?post=8270"}],"version-history":[{"count":0,"href":"https:\/\/hostnetart.com.br\/baixada\/wp-json\/wp\/v2\/posts\/8270\/revisions"}],"wp:featuredmedia":[{"embeddable":true,"href":"https:\/\/hostnetart.com.br\/baixada\/wp-json\/wp\/v2\/media\/8269"}],"wp:attachment":[{"href":"https:\/\/hostnetart.com.br\/baixada\/wp-json\/wp\/v2\/media?parent=8270"}],"wp:term":[{"taxonomy":"category","embeddable":true,"href":"https:\/\/hostnetart.com.br\/baixada\/wp-json\/wp\/v2\/categories?post=8270"},{"taxonomy":"post_tag","embeddable":true,"href":"https:\/\/hostnetart.com.br\/baixada\/wp-json\/wp\/v2\/tags?post=8270"}],"curies":[{"name":"wp","href":"https:\/\/api.w.org\/{rel}","templated":true}]}}