{"id":8268,"date":"2020-01-24T18:30:49","date_gmt":"2020-01-24T21:30:49","guid":{"rendered":"https:\/\/hostnetart.com.br\/baixada\/contraf-cut-completa-14-anos-de-luta-em-defesa-dos-trabalhadores\/"},"modified":"2020-01-24T18:30:49","modified_gmt":"2020-01-24T21:30:49","slug":"contraf-cut-completa-14-anos-de-luta-em-defesa-dos-trabalhadores","status":"publish","type":"post","link":"https:\/\/hostnetart.com.br\/baixada\/contraf-cut-completa-14-anos-de-luta-em-defesa-dos-trabalhadores\/","title":{"rendered":"Contraf-CUT completa 14 anos de luta em defesa dos trabalhadores"},"content":{"rendered":"<div class=\"elementor-element elementor-element-194680ec elementor-widget elementor-widget-theme-post-content\" data-id=\"194680ec\" data-element_type=\"widget\" data-widget_type=\"theme-post-content.default\">\n<div class=\"elementor-widget-container\">\n<p>A Confedera\u00e7\u00e3o Nacional dos Trabalhadores do Ramo Financeiro (Contraf-CUT) completa 14 anos no pr\u00f3ximo domingo (26). Com oito federa\u00e7\u00f5es e 108 sindicatos associados, a entidade coordena o Comando Nacional dos Banc\u00e1rios, que representa 94% da categoria em todo o pa\u00eds.<\/p>\n<p>Para a presidenta da Contraf-CUT, Juvandia Moreira, a grande representatividade \u00e9 consequ\u00eancia das lutas e da presen\u00e7a de nossas filiadas no cotidiano dos trabalhadores. \u201cMais do que isso, dos resultados destas lutas para os trabalhadores, que s\u00e3o conquistas de direitos e reajustes de sal\u00e1rios, vales refei\u00e7\u00e3o e alimenta\u00e7\u00e3o, aux\u00edlios creche e educa\u00e7\u00e3o entre outros\u201d, disse.<\/p>\n<p><strong>Funda\u00e7\u00e3o<\/strong><\/p>\n<p>A Contraf-CUT \u00e9 resultado da luta e aprimoramento da organiza\u00e7\u00e3o sindical banc\u00e1ria e da retomada das entidades sindicais pelos trabalhadores, no in\u00edcio dos anos 1980.<\/p>\n<p>O primeiro passo para uma organiza\u00e7\u00e3o alternativa e, ao mesmo tempo, mais representativa ocorreu com a cria\u00e7\u00e3o do DNB (Departamento Nacional dos Banc\u00e1rios), em 1985, cuja atua\u00e7\u00e3o foi essencial para a primeira greve nacional (naquele ano) da categoria ap\u00f3s o regime militar.<\/p>\n<p>O DNB atuou at\u00e9 1992 quando foi substitu\u00eddo pela Confedera\u00e7\u00e3o Nacional dos Banc\u00e1rios (CNB-CUT) que por sua vez deu lugar \u00e0 Contraf-CUT, em 2006, e formalmente reconhecida pelo Minist\u00e9rio do Trabalho e Emprego em 24 de junho de 2008.<\/p>\n<p><strong>Fonte: Contraf-CUT<\/strong><\/p>\n<\/div>\n<\/div>\n","protected":false},"excerpt":{"rendered":"<p>A Confedera\u00e7\u00e3o Nacional dos Trabalhadores do Ramo Financeiro (Contraf-CUT) completa 14 anos no pr\u00f3ximo domingo (26). Com oito federa\u00e7\u00f5es e 108 sindicatos associados, a entidade coordena o Comando Nacional dos Banc\u00e1rios, que representa 94% da categoria em todo o pa\u00eds. Para a presidenta da Contraf-CUT, Juvandia Moreira, a grande representatividade \u00e9 consequ\u00eancia das lutas e [&hellip;]<\/p>\n","protected":false},"author":2,"featured_media":8267,"comment_status":"","ping_status":"","sticky":false,"template":"","format":"standard","meta":{"footnotes":""},"categories":[3],"tags":[],"class_list":["post-8268","post","type-post","status-publish","format-standard","has-post-thumbnail","hentry","category-noticias"],"_links":{"self":[{"href":"https:\/\/hostnetart.com.br\/baixada\/wp-json\/wp\/v2\/posts\/8268","targetHints":{"allow":["GET"]}}],"collection":[{"href":"https:\/\/hostnetart.com.br\/baixada\/wp-json\/wp\/v2\/posts"}],"about":[{"href":"https:\/\/hostnetart.com.br\/baixada\/wp-json\/wp\/v2\/types\/post"}],"author":[{"embeddable":true,"href":"https:\/\/hostnetart.com.br\/baixada\/wp-json\/wp\/v2\/users\/2"}],"replies":[{"embeddable":true,"href":"https:\/\/hostnetart.com.br\/baixada\/wp-json\/wp\/v2\/comments?post=8268"}],"version-history":[{"count":0,"href":"https:\/\/hostnetart.com.br\/baixada\/wp-json\/wp\/v2\/posts\/8268\/revisions"}],"wp:featuredmedia":[{"embeddable":true,"href":"https:\/\/hostnetart.com.br\/baixada\/wp-json\/wp\/v2\/media\/8267"}],"wp:attachment":[{"href":"https:\/\/hostnetart.com.br\/baixada\/wp-json\/wp\/v2\/media?parent=8268"}],"wp:term":[{"taxonomy":"category","embeddable":true,"href":"https:\/\/hostnetart.com.br\/baixada\/wp-json\/wp\/v2\/categories?post=8268"},{"taxonomy":"post_tag","embeddable":true,"href":"https:\/\/hostnetart.com.br\/baixada\/wp-json\/wp\/v2\/tags?post=8268"}],"curies":[{"name":"wp","href":"https:\/\/api.w.org\/{rel}","templated":true}]}}