{"id":826,"date":"2014-03-18T00:00:00","date_gmt":"2014-03-18T03:00:00","guid":{"rendered":"https:\/\/hostnetart.com.br\/baixada\/demorou-mas-bb-retirou-restricao-indevida-no-cadastro-dos-funcionarios\/"},"modified":"2014-03-18T00:00:00","modified_gmt":"2014-03-18T03:00:00","slug":"demorou-mas-bb-retirou-restricao-indevida-no-cadastro-dos-funcionarios","status":"publish","type":"post","link":"https:\/\/hostnetart.com.br\/baixada\/demorou-mas-bb-retirou-restricao-indevida-no-cadastro-dos-funcionarios\/","title":{"rendered":"Demorou, mas BB retirou restri\u00e7\u00e3o indevida no cadastro dos funcion\u00e1rios"},"content":{"rendered":"<p>Ap\u00f3s cobran\u00e7a feita pela Contraf-CUT no in\u00edcio de fevereiro, o Banco do Brasil acaba de providenciar a retirada de anota\u00e7\u00f5es restritivas e irregulares no cadastro dos funcion\u00e1rios que det\u00eam a\u00e7\u00f5es trabalhistas contra a empresa. V\u00e1rios banc\u00e1rios e sindicatos haviam identificado o problema e pediram solu\u00e7\u00e3o imediata.<\/p>\n<p>\u201cDemorou, mas finalmente o banco retirou as anota\u00e7\u00f5es. \u00c9 inaceit\u00e1vel a discrimina\u00e7\u00e3o de um funcion\u00e1rio, que \u00e9 cidad\u00e3o brasileiro, por recorrer ao poder judici\u00e1rio como garante o artigo 5\u00ba da Constitui\u00e7\u00e3o Federal para defender os seus direitos\u201d, afirma William Mendes, coordenador da Comiss\u00e3o de Empresa dos Funcion\u00e1rios do BB e secret\u00e1rio de forma\u00e7\u00e3o da Contraf-CUT.<\/p>\n<p>O abuso ocorreu quando o banco cadastrou para todos os seus clientes anota\u00e7\u00f5es sobre a\u00e7\u00f5es que estes detivessem contra a empresa. Acontece que a totalidade dos funcion\u00e1rios da ativa tem conta no banco e foi inclu\u00edda nas restri\u00e7\u00f5es de forma ilegal por ferir a Constitui\u00e7\u00e3o Federal. Os banc\u00e1rios com a\u00e7\u00f5es passaram a ser discriminados de forma irregular e p\u00fablica.<\/p>\n<p>A ilegalidade do banco era inclusive pass\u00edvel de a\u00e7\u00f5es judiciais por dano moral e material por parte dos banc\u00e1rios que se sentissem prejudicados pela discrimina\u00e7\u00e3o e restri\u00e7\u00e3o indevida.<\/p>\n<p>\u201cMais uma vez, cumprimos o nosso papel de representantes de fato dos funcion\u00e1rios do BB\u201d, destaca William. \u201cA Contraf-CUT e as entidades filiadas, assim que descobrem problemas que afetam os banc\u00e1rios, cobram solu\u00e7\u00f5es imediatas do banco, buscando fortalecer as mesas e os espa\u00e7os de negocia\u00e7\u00e3o\u201d, conclui.<\/p>\n<p>Fonte: Contraf-CUT<\/p>\n","protected":false},"excerpt":{"rendered":"<p>Ap\u00f3s cobran\u00e7a feita pela Contraf-CUT no in\u00edcio de fevereiro, o Banco do Brasil acaba de providenciar a retirada de anota\u00e7\u00f5es restritivas e irregulares no cadastro dos funcion\u00e1rios que det\u00eam a\u00e7\u00f5es trabalhistas contra a empresa. V\u00e1rios banc\u00e1rios e sindicatos haviam identificado o problema e pediram solu\u00e7\u00e3o imediata. \u201cDemorou, mas finalmente o banco retirou as anota\u00e7\u00f5es. \u00c9 [&hellip;]<\/p>\n","protected":false},"author":1,"featured_media":0,"comment_status":"","ping_status":"","sticky":false,"template":"","format":"standard","meta":{"footnotes":""},"categories":[3],"tags":[],"class_list":["post-826","post","type-post","status-publish","format-standard","hentry","category-noticias"],"_links":{"self":[{"href":"https:\/\/hostnetart.com.br\/baixada\/wp-json\/wp\/v2\/posts\/826","targetHints":{"allow":["GET"]}}],"collection":[{"href":"https:\/\/hostnetart.com.br\/baixada\/wp-json\/wp\/v2\/posts"}],"about":[{"href":"https:\/\/hostnetart.com.br\/baixada\/wp-json\/wp\/v2\/types\/post"}],"author":[{"embeddable":true,"href":"https:\/\/hostnetart.com.br\/baixada\/wp-json\/wp\/v2\/users\/1"}],"replies":[{"embeddable":true,"href":"https:\/\/hostnetart.com.br\/baixada\/wp-json\/wp\/v2\/comments?post=826"}],"version-history":[{"count":0,"href":"https:\/\/hostnetart.com.br\/baixada\/wp-json\/wp\/v2\/posts\/826\/revisions"}],"wp:attachment":[{"href":"https:\/\/hostnetart.com.br\/baixada\/wp-json\/wp\/v2\/media?parent=826"}],"wp:term":[{"taxonomy":"category","embeddable":true,"href":"https:\/\/hostnetart.com.br\/baixada\/wp-json\/wp\/v2\/categories?post=826"},{"taxonomy":"post_tag","embeddable":true,"href":"https:\/\/hostnetart.com.br\/baixada\/wp-json\/wp\/v2\/tags?post=826"}],"curies":[{"name":"wp","href":"https:\/\/api.w.org\/{rel}","templated":true}]}}