{"id":8256,"date":"2020-01-23T13:32:47","date_gmt":"2020-01-23T16:32:47","guid":{"rendered":"https:\/\/hostnetart.com.br\/baixada\/desemprego-no-brasil-continuara-elevado-nos-proximos-anos\/"},"modified":"2020-01-23T13:32:47","modified_gmt":"2020-01-23T16:32:47","slug":"desemprego-no-brasil-continuara-elevado-nos-proximos-anos","status":"publish","type":"post","link":"https:\/\/hostnetart.com.br\/baixada\/desemprego-no-brasil-continuara-elevado-nos-proximos-anos\/","title":{"rendered":"Desemprego no Brasil continuar\u00e1 elevado nos pr\u00f3ximos anos"},"content":{"rendered":"<div class=\"elementor-element elementor-element-194680ec elementor-widget elementor-widget-theme-post-content\" data-id=\"194680ec\" data-element_type=\"widget\" data-widget_type=\"theme-post-content.default\">\n<div class=\"elementor-widget-container\">\n<p>O desemprego vem aumentando no mundo todo e no Brasil o cen\u00e1rio n\u00e3o est\u00e1 muito diferente. Relat\u00f3rio anual da Organiza\u00e7\u00e3o Internacional do Trabalho (OIT), divulgado nesta segunda-feira (20), mostra que \u2013 apesar de uma pequena redu\u00e7\u00e3o no desemprego brasileiro \u2013 a previs\u00e3o \u00e9 de que ele fique entre 12% em 2020 e 11,5% em 2024. As taxas est\u00e3o quase tr\u00eas vezes maiores que a m\u00e9dia global de 5,4%.<\/p>\n<p>Caso as previs\u00f5es da OIT sejam confirmadas, o n\u00edvel de pessoas sem um posto de trabalho no Pa\u00eds continuar\u00e1 sendo o mais alto nos \u00faltimos 30 anos. Segundo o relat\u00f3rio, 2019 terminou com uma taxa de desemprego de 12,1% no Brasil. O dado \u00e9 contr\u00e1rio ao divulgado pelo Instituto Brasileiro de Geografia e Estat\u00edstica (IBGE), que encerrou novembro com uma taxa de 11,2%.<\/p>\n<p>Segundo a OIT, em 2020 o \u00edndice cai para 12%; em 2021, para 11,8% e, em 2022, para 11,6%. J\u00e1 para os anos de 2023 e 2024 a taxa prevista \u00e9 de 11,5%.<\/p>\n<h3>Queda no desemprego<\/h3>\n<p>\u201cN\u00e3o vemos um empurr\u00e3o importante para permitir que taxa volte ao que existia em 2014\u201d, afirmou Stefan Kuhn, macroeconomista da OIT. Naquele ano, a taxa de desemprego era de 6,7% e o n\u00famero de desempregados era de 6,7 milh\u00f5es, praticamente metade da cifra atual.<\/p>\n<p>Segundo ele, uma volta \u00e0s taxas anteriores \u00e0 crise pode levar anos ainda para ocorrer. \u201cPode levar muito tempo\u201d, alertou. \u201cAtualmente, n\u00e3o h\u00e1 como saber. N\u00e3o h\u00e1 uma previs\u00e3o de queda acelerada (do desemprego) no Brasil\u201d, disse.<\/p>\n<p>A OIT aponta que o modelo usado pelo Brasil para garantir seu crescimento, baseado em exporta\u00e7\u00f5es e commodities, \u00e9 um dos problemas que impede a queda do desemprego. \u201cA economia global est\u00e1 se deteriorando. Ser\u00e1 cada vez mais dif\u00edcil implementar o modelo liderado pelas exporta\u00e7\u00f5es\u201d, explicou o economista.<\/p>\n<h3>Medo do desemprego<\/h3>\n<p>A alta taxa de desemprego vem aumentando o medo do brasileiro, como mostrou a Pesquisa da Confedera\u00e7\u00e3o Nacional da Ind\u00fastria (CNI). O \u00cdndice de Medo do Desemprego caiu 2,1 pontos em rela\u00e7\u00e3o a setembro do ano passado, mas ainda atingiu\u00a0 56,1 pontos em dezembro. S\u00e3o 6 pontos acima da m\u00e9dia hist\u00f3rica, que \u00e9 de 50,1. O \u00edndice varia de zero a 100.<\/p>\n<h3>Desemprego no mundo<\/h3>\n<p>O desemprego global permaneceu praticamente est\u00e1vel nos \u00faltimos nove anos, com uma taxa de 5,4%. Entretanto, a desacelera\u00e7\u00e3o do crescimento econ\u00f4mico global mostra que, embora a for\u00e7a de trabalho aumente em todo o mundo, n\u00e3o est\u00e3o sendo criados novos empregos suficientes para absorver os que entram no mercado de trabalho.<\/p>\n<p>O relat\u00f3rio da OIT destaca que o n\u00famero de pessoas desempregadas deve aumentar em cerca de 2,5 milh\u00f5es em 2020. O diretor-geral da organiza\u00e7\u00e3o, Guy Ryder, explicou que para milh\u00f5es de pessoas \u00e9 cada vez mais dif\u00edcil construir uma vida melhor por meio do trabalho.<\/p>\n<p>\u201cAs persistentes e substanciais desigualdades e exclus\u00f5es relacionadas ao trabalho est\u00e3o impedindo-as de encontrar trabalho decente e de construir um futuro melhor. Essa \u00e9 uma descoberta extremamente preocupante, que tem repercuss\u00f5es profundas e alarmantes para a coes\u00e3o social\u201d, disse Ryder.<\/p>\n<p><strong>Fonte: Reconta\u00ed<\/strong><\/p>\n<\/div>\n<\/div>\n","protected":false},"excerpt":{"rendered":"<p>O desemprego vem aumentando no mundo todo e no Brasil o cen\u00e1rio n\u00e3o est\u00e1 muito diferente. Relat\u00f3rio anual da Organiza\u00e7\u00e3o Internacional do Trabalho (OIT), divulgado nesta segunda-feira (20), mostra que \u2013 apesar de uma pequena redu\u00e7\u00e3o no desemprego brasileiro \u2013 a previs\u00e3o \u00e9 de que ele fique entre 12% em 2020 e 11,5% em 2024. [&hellip;]<\/p>\n","protected":false},"author":2,"featured_media":8255,"comment_status":"","ping_status":"","sticky":false,"template":"","format":"standard","meta":{"footnotes":""},"categories":[3],"tags":[],"class_list":["post-8256","post","type-post","status-publish","format-standard","has-post-thumbnail","hentry","category-noticias"],"_links":{"self":[{"href":"https:\/\/hostnetart.com.br\/baixada\/wp-json\/wp\/v2\/posts\/8256","targetHints":{"allow":["GET"]}}],"collection":[{"href":"https:\/\/hostnetart.com.br\/baixada\/wp-json\/wp\/v2\/posts"}],"about":[{"href":"https:\/\/hostnetart.com.br\/baixada\/wp-json\/wp\/v2\/types\/post"}],"author":[{"embeddable":true,"href":"https:\/\/hostnetart.com.br\/baixada\/wp-json\/wp\/v2\/users\/2"}],"replies":[{"embeddable":true,"href":"https:\/\/hostnetart.com.br\/baixada\/wp-json\/wp\/v2\/comments?post=8256"}],"version-history":[{"count":0,"href":"https:\/\/hostnetart.com.br\/baixada\/wp-json\/wp\/v2\/posts\/8256\/revisions"}],"wp:featuredmedia":[{"embeddable":true,"href":"https:\/\/hostnetart.com.br\/baixada\/wp-json\/wp\/v2\/media\/8255"}],"wp:attachment":[{"href":"https:\/\/hostnetart.com.br\/baixada\/wp-json\/wp\/v2\/media?parent=8256"}],"wp:term":[{"taxonomy":"category","embeddable":true,"href":"https:\/\/hostnetart.com.br\/baixada\/wp-json\/wp\/v2\/categories?post=8256"},{"taxonomy":"post_tag","embeddable":true,"href":"https:\/\/hostnetart.com.br\/baixada\/wp-json\/wp\/v2\/tags?post=8256"}],"curies":[{"name":"wp","href":"https:\/\/api.w.org\/{rel}","templated":true}]}}