{"id":8252,"date":"2020-01-23T13:28:52","date_gmt":"2020-01-23T16:28:52","guid":{"rendered":"https:\/\/hostnetart.com.br\/baixada\/combate-a-intolerancia-religiosa-e-ainda-mais-urgente-no-brasil-de-hoje\/"},"modified":"2020-01-23T13:28:52","modified_gmt":"2020-01-23T16:28:52","slug":"combate-a-intolerancia-religiosa-e-ainda-mais-urgente-no-brasil-de-hoje","status":"publish","type":"post","link":"https:\/\/hostnetart.com.br\/baixada\/combate-a-intolerancia-religiosa-e-ainda-mais-urgente-no-brasil-de-hoje\/","title":{"rendered":"Combate \u00e0 intoler\u00e2ncia religiosa \u00e9 ainda mais urgente no Brasil de hoje"},"content":{"rendered":"<p>O Dia Nacional de Combate \u00e0 Intoler\u00e2ncia Religiosa foi institu\u00eddo em 2007, no mandato do ex-presidente Luiz In\u00e1cio Lula da Silva, como reconhecimento do Estado brasileiro quanto ao problema da persegui\u00e7\u00e3o e do desrespeito, sobretudo contra religi\u00f5es de matriz africana. Passados 13 anos, a data comemorada em 21 de janeiro se mostra atual e necess\u00e1ria no Brasil. \u201cEsse dia \u00e9 ainda mais importante no Brasil em que n\u00f3s vivemos. Exatamente pelas pesquisas em rela\u00e7\u00e3o \u00e0 intoler\u00e2ncia religiosa, que vem crescendo no pa\u00eds. E uma das formas da gente combater isso ou criar uma cultura de direitos humanos em que todos possam expressar as suas liberdades \u00e9 muito importante\u201d, avaliou o te\u00f3logo Jo\u00e3o Moura, em entrevista ao jornalista Glauco Faria, na <a href=\"https:\/\/www.youtube.com\/watch?v=DYzEEcGv8RY\" target=\"_blank\" rel=\"noopener noreferrer\">R\u00e1dio Brasil Atual<\/a>.<\/p>\n<p>Para Moura, a data ajuda a criar uma cultura em que todos e todas sejam respeitados, sobretudo porque o Brasil ainda tem dificuldade pra efetivar Estado laico. \u201cPor uma s\u00e9rie de fatores, a religi\u00e3o foi se apoderando de maneira muito forte e r\u00e1pida do Estado brasileiro. Hoje temos organiza\u00e7\u00f5es do governo que dizem que o projeto \u00e9 a cria\u00e7\u00e3o de um Brasil terrivelmente evang\u00e9lico. Pra gente garantir um pa\u00eds em que todas as religi\u00f5es sejam respeitadas, \u00e9 preciso garantir que todas as religi\u00f5es tenham plena liberdade, mas tamb\u00e9m que o Estado n\u00e3o seja um aparato que uma religi\u00e3o ou outra seja hegem\u00f4nica\u201d, defendeu Moura.<\/p>\n<p>O te\u00f3logo avalia que, al\u00e9m do discurso, h\u00e1 tamb\u00e9m uma pr\u00e1tica de intoler\u00e2ncia por parte de figuras que est\u00e3o hoje no poder no Brasil. \u201cA intoler\u00e2ncia religiosa no Brasil hoje tem um fator muito singular que \u00e9 o racismo. Ser intolerante \u00e0s <a href=\"https:\/\/www.redebrasilatual.com.br\/cidadania\/2019\/10\/religoes-matriz-africana-intolerancia\/\" target=\"_blank\" rel=\"noopener noreferrer\">religi\u00f5es de matriz africana<\/a> n\u00e3o diz respeito apenas a uma quest\u00e3o teol\u00f3gica. N\u00e3o \u00e9 simplesmente dizer que n\u00e3o aceita uma religi\u00e3o diferente. \u00c9 dizer que negros e negras n\u00e3o podem expressar as suas identidades religiosas pelo simples fato de serem negros. O racismo est\u00e1 mobilizando religi\u00f5es e marca essa intoler\u00e2ncia religiosa\u201d, afirmou.<\/p>\n<p><strong>Fonte: Rede Brasil Atual<\/strong><\/p>\n","protected":false},"excerpt":{"rendered":"<p>O Dia Nacional de Combate \u00e0 Intoler\u00e2ncia Religiosa foi institu\u00eddo em 2007, no mandato do ex-presidente Luiz In\u00e1cio Lula da Silva, como reconhecimento do Estado brasileiro quanto ao problema da persegui\u00e7\u00e3o e do desrespeito, sobretudo contra religi\u00f5es de matriz africana. Passados 13 anos, a data comemorada em 21 de janeiro se mostra atual e necess\u00e1ria [&hellip;]<\/p>\n","protected":false},"author":2,"featured_media":8251,"comment_status":"","ping_status":"","sticky":false,"template":"","format":"standard","meta":{"footnotes":""},"categories":[3],"tags":[],"class_list":["post-8252","post","type-post","status-publish","format-standard","has-post-thumbnail","hentry","category-noticias"],"_links":{"self":[{"href":"https:\/\/hostnetart.com.br\/baixada\/wp-json\/wp\/v2\/posts\/8252","targetHints":{"allow":["GET"]}}],"collection":[{"href":"https:\/\/hostnetart.com.br\/baixada\/wp-json\/wp\/v2\/posts"}],"about":[{"href":"https:\/\/hostnetart.com.br\/baixada\/wp-json\/wp\/v2\/types\/post"}],"author":[{"embeddable":true,"href":"https:\/\/hostnetart.com.br\/baixada\/wp-json\/wp\/v2\/users\/2"}],"replies":[{"embeddable":true,"href":"https:\/\/hostnetart.com.br\/baixada\/wp-json\/wp\/v2\/comments?post=8252"}],"version-history":[{"count":0,"href":"https:\/\/hostnetart.com.br\/baixada\/wp-json\/wp\/v2\/posts\/8252\/revisions"}],"wp:featuredmedia":[{"embeddable":true,"href":"https:\/\/hostnetart.com.br\/baixada\/wp-json\/wp\/v2\/media\/8251"}],"wp:attachment":[{"href":"https:\/\/hostnetart.com.br\/baixada\/wp-json\/wp\/v2\/media?parent=8252"}],"wp:term":[{"taxonomy":"category","embeddable":true,"href":"https:\/\/hostnetart.com.br\/baixada\/wp-json\/wp\/v2\/categories?post=8252"},{"taxonomy":"post_tag","embeddable":true,"href":"https:\/\/hostnetart.com.br\/baixada\/wp-json\/wp\/v2\/tags?post=8252"}],"curies":[{"name":"wp","href":"https:\/\/api.w.org\/{rel}","templated":true}]}}