{"id":825,"date":"2014-03-18T00:00:00","date_gmt":"2014-03-18T03:00:00","guid":{"rendered":"https:\/\/hostnetart.com.br\/baixada\/santander-antecipa-primeira-parcela-do-13-salario-na-folha-de-marco\/"},"modified":"2014-03-18T00:00:00","modified_gmt":"2014-03-18T03:00:00","slug":"santander-antecipa-primeira-parcela-do-13-salario-na-folha-de-marco","status":"publish","type":"post","link":"https:\/\/hostnetart.com.br\/baixada\/santander-antecipa-primeira-parcela-do-13-salario-na-folha-de-marco\/","title":{"rendered":"Santander antecipa primeira parcela do 13\u00ba sal\u00e1rio na folha de mar\u00e7o"},"content":{"rendered":"<p>O Santander vai pagar na folha de mar\u00e7o, que ser\u00e1 creditada na pr\u00f3xima quinta-feira (20), a primeira parcela do 13\u00ba sal\u00e1rio referente a 2014, que corresponde a 50% do sal\u00e1rio bruto de cada funcion\u00e1rio.<\/p>\n<p>\u201cA antecipa\u00e7\u00e3o n\u00e3o \u00e9 um benef\u00edcio, mas sim uma conquista dos trabalhadores do banco, fruto da negocia\u00e7\u00e3o entre as entidades sindicais e o Santander, durante o processo de fus\u00e3o com o Banco Real\u201d, afirma o funcion\u00e1rio do banco e secret\u00e1rio de imprensa da Contraf-CUT, Ademir Wiederkehr.<\/p>\n<p>S\u00f3 n\u00e3o ter\u00e3o o cr\u00e9dito os funcion\u00e1rios que estavam em f\u00e9rias no per\u00edodo de 1\u00ba de janeiro a 10 de mar\u00e7o deste ano e optaram por antecipar a primeira parcela na ocasi\u00e3o.<\/p>\n<p>J\u00e1 os funcion\u00e1rios admitidos ap\u00f3s 31 de dezembro de 2013 receber\u00e3o o 13\u00ba sal\u00e1rio integral em novembro deste ano.<\/p>\n<p>O pagamento da segunda parcela do 13\u00ba sal\u00e1rio ocorre em novembro, conforme a mesma negocia\u00e7\u00e3o.<\/p>\n<p>Os descontos de INSS e Imposto de Renda sobre o 13\u00ba sal\u00e1rio ser\u00e3o realizados no cr\u00e9dito da segunda parcela.<\/p>\n<p>Segundo o Santander, o demonstrativo de pagamento da folha de mar\u00e7o estar\u00e1 dispon\u00edvel a partir da pr\u00f3xima ter\u00e7a-feira (18), no portal de RH do banco.<\/p>\n<p>Fonte: Contraf-CUT<\/p>\n","protected":false},"excerpt":{"rendered":"<p>O Santander vai pagar na folha de mar\u00e7o, que ser\u00e1 creditada na pr\u00f3xima quinta-feira (20), a primeira parcela do 13\u00ba sal\u00e1rio referente a 2014, que corresponde a 50% do sal\u00e1rio bruto de cada funcion\u00e1rio. \u201cA antecipa\u00e7\u00e3o n\u00e3o \u00e9 um benef\u00edcio, mas sim uma conquista dos trabalhadores do banco, fruto da negocia\u00e7\u00e3o entre as entidades sindicais [&hellip;]<\/p>\n","protected":false},"author":1,"featured_media":0,"comment_status":"","ping_status":"","sticky":false,"template":"","format":"standard","meta":{"footnotes":""},"categories":[3],"tags":[],"class_list":["post-825","post","type-post","status-publish","format-standard","hentry","category-noticias"],"_links":{"self":[{"href":"https:\/\/hostnetart.com.br\/baixada\/wp-json\/wp\/v2\/posts\/825","targetHints":{"allow":["GET"]}}],"collection":[{"href":"https:\/\/hostnetart.com.br\/baixada\/wp-json\/wp\/v2\/posts"}],"about":[{"href":"https:\/\/hostnetart.com.br\/baixada\/wp-json\/wp\/v2\/types\/post"}],"author":[{"embeddable":true,"href":"https:\/\/hostnetart.com.br\/baixada\/wp-json\/wp\/v2\/users\/1"}],"replies":[{"embeddable":true,"href":"https:\/\/hostnetart.com.br\/baixada\/wp-json\/wp\/v2\/comments?post=825"}],"version-history":[{"count":0,"href":"https:\/\/hostnetart.com.br\/baixada\/wp-json\/wp\/v2\/posts\/825\/revisions"}],"wp:attachment":[{"href":"https:\/\/hostnetart.com.br\/baixada\/wp-json\/wp\/v2\/media?parent=825"}],"wp:term":[{"taxonomy":"category","embeddable":true,"href":"https:\/\/hostnetart.com.br\/baixada\/wp-json\/wp\/v2\/categories?post=825"},{"taxonomy":"post_tag","embeddable":true,"href":"https:\/\/hostnetart.com.br\/baixada\/wp-json\/wp\/v2\/tags?post=825"}],"curies":[{"name":"wp","href":"https:\/\/api.w.org\/{rel}","templated":true}]}}