{"id":8246,"date":"2020-01-22T13:43:15","date_gmt":"2020-01-22T16:43:15","guid":{"rendered":"https:\/\/hostnetart.com.br\/baixada\/banrisul-anuncia-fechamento-de-agencias-no-rs\/"},"modified":"2020-01-22T13:43:15","modified_gmt":"2020-01-22T16:43:15","slug":"banrisul-anuncia-fechamento-de-agencias-no-rs","status":"publish","type":"post","link":"https:\/\/hostnetart.com.br\/baixada\/banrisul-anuncia-fechamento-de-agencias-no-rs\/","title":{"rendered":"Banrisul anuncia fechamento de ag\u00eancias no RS"},"content":{"rendered":"<p>A diretoria do Banco do Estado do Rio Grande do Sul (Banrisul) anunciou, nesta segunda-feira (20), em reuni\u00e3o com diretores do Sindicato dos Banc\u00e1rios de Porto Alegre (SindBanc\u00e1rios) e da Federa\u00e7\u00e3o dos Trabalhadores e Trabalhadoras em Institui\u00e7\u00f5es Financeiras do Rio Grande do Sul (Fetrafi-RS), o fechamento de nove ag\u00eancias do banco no Rio Grande do Sul. Oito delas em Porto Alegre e uma em Caxias do Sul. Algumas virar\u00e3o postos de atendimento banc\u00e1rio (PAB) e outras ser\u00e3o fundidas com a ag\u00eancia mais pr\u00f3xima.<\/p>\n<p>O SindBanc\u00e1rios est\u00e1 atento \u00e0 pol\u00edtica de privatiza\u00e7\u00f5es implantada pelo atual governo ga\u00facho de Eduardo Leite. Tanto que dirigentes manifestam a preocupa\u00e7\u00e3o com uma escalada de desmonte do Banrisul. A PEC 280\/2019 tramita desde setembro na Assembleia Legislativa para retirar a obrigatoriedade do plebiscito \u00e0 venda do Banrisul, Procergs e Corsan e deve ser retomada a partir de 6 de fevereiro, quando termina o recesso parlamentar.<\/p>\n<p>A diretoria do Sindicato, em reuni\u00e3o com o RH, solicitou garantias para que os colegas das ag\u00eancias n\u00e3o sofram qualquer preju\u00edzo. O banco concordou em realizar um processo de realoca\u00e7\u00e3o transparente e negociado. O Sindicato ir\u00e1 acompanhar. Entre as garantias, est\u00e3o manter as fun\u00e7\u00f5es que cada Banrisulense exercia na sua ag\u00eancia e abrir a possibilidade de manifestar interesse em outra ag\u00eancia que n\u00e3o aquela recomendada pelo banco. \u00a0\u201cO banco garantiu que vai ouvir os colegas e adequar as necessidades de cada um sem preju\u00edzos\u201d, disse o presidente do SindBanc\u00e1rios, Everton Gimeni.<\/p>\n<p><strong>Fonte: Contraf-CUT<\/strong><\/p>\n","protected":false},"excerpt":{"rendered":"<p>A diretoria do Banco do Estado do Rio Grande do Sul (Banrisul) anunciou, nesta segunda-feira (20), em reuni\u00e3o com diretores do Sindicato dos Banc\u00e1rios de Porto Alegre (SindBanc\u00e1rios) e da Federa\u00e7\u00e3o dos Trabalhadores e Trabalhadoras em Institui\u00e7\u00f5es Financeiras do Rio Grande do Sul (Fetrafi-RS), o fechamento de nove ag\u00eancias do banco no Rio Grande do [&hellip;]<\/p>\n","protected":false},"author":2,"featured_media":8245,"comment_status":"","ping_status":"","sticky":false,"template":"","format":"standard","meta":{"footnotes":""},"categories":[3],"tags":[],"class_list":["post-8246","post","type-post","status-publish","format-standard","has-post-thumbnail","hentry","category-noticias"],"_links":{"self":[{"href":"https:\/\/hostnetart.com.br\/baixada\/wp-json\/wp\/v2\/posts\/8246","targetHints":{"allow":["GET"]}}],"collection":[{"href":"https:\/\/hostnetart.com.br\/baixada\/wp-json\/wp\/v2\/posts"}],"about":[{"href":"https:\/\/hostnetart.com.br\/baixada\/wp-json\/wp\/v2\/types\/post"}],"author":[{"embeddable":true,"href":"https:\/\/hostnetart.com.br\/baixada\/wp-json\/wp\/v2\/users\/2"}],"replies":[{"embeddable":true,"href":"https:\/\/hostnetart.com.br\/baixada\/wp-json\/wp\/v2\/comments?post=8246"}],"version-history":[{"count":0,"href":"https:\/\/hostnetart.com.br\/baixada\/wp-json\/wp\/v2\/posts\/8246\/revisions"}],"wp:featuredmedia":[{"embeddable":true,"href":"https:\/\/hostnetart.com.br\/baixada\/wp-json\/wp\/v2\/media\/8245"}],"wp:attachment":[{"href":"https:\/\/hostnetart.com.br\/baixada\/wp-json\/wp\/v2\/media?parent=8246"}],"wp:term":[{"taxonomy":"category","embeddable":true,"href":"https:\/\/hostnetart.com.br\/baixada\/wp-json\/wp\/v2\/categories?post=8246"},{"taxonomy":"post_tag","embeddable":true,"href":"https:\/\/hostnetart.com.br\/baixada\/wp-json\/wp\/v2\/tags?post=8246"}],"curies":[{"name":"wp","href":"https:\/\/api.w.org\/{rel}","templated":true}]}}