{"id":8244,"date":"2020-01-21T18:00:25","date_gmt":"2020-01-21T21:00:25","guid":{"rendered":"https:\/\/hostnetart.com.br\/baixada\/oxfam-pesquisa-mostra-que-nao-se-faz-nada-para-enfrentar-a-concentracao-de-riqueza\/"},"modified":"2020-01-21T18:00:25","modified_gmt":"2020-01-21T21:00:25","slug":"oxfam-pesquisa-mostra-que-nao-se-faz-nada-para-enfrentar-a-concentracao-de-riqueza","status":"publish","type":"post","link":"https:\/\/hostnetart.com.br\/baixada\/oxfam-pesquisa-mostra-que-nao-se-faz-nada-para-enfrentar-a-concentracao-de-riqueza\/","title":{"rendered":"Oxfam: pesquisa mostra que n\u00e3o se faz nada para enfrentar a concentra\u00e7\u00e3o de riqueza"},"content":{"rendered":"<p>Relat\u00f3rio da Oxfam, divulgado neste domingo (19), apontando um <a href=\"https:\/\/www.redebrasilatual.com.br\/economia\/2020\/01\/oxfam-bilionarios-tem-mais-riqueza-que-60-da-populacao-mundial\/\" target=\"_blank\" rel=\"noopener noreferrer\">aumento na concentra\u00e7\u00e3o de renda no mundo<\/a>, comprova \u201cque n\u00e3o se est\u00e1 fazendo nada para efetivamente enfrentar a concentra\u00e7\u00e3o de riqueza\u201d. A an\u00e1lise \u00e9 da diretora executiva da organiza\u00e7\u00e3o no Brasil, Katia Maia, em entrevista aos jornalistas\u00a0Nahama Nunes e Glauco Faria, da <strong>R\u00e1dio Brasil Atual.\u00a0<\/strong>\u201c\u00c9 uma concentra\u00e7\u00e3o de riqueza absurda, baseada muitas vezes em heran\u00e7as, outras vezes numa tributa\u00e7\u00e3o que \u00e9 favor\u00e1vel a esses super ricos, enquanto a maioria da popula\u00e7\u00e3o no mundo enfrenta uma situa\u00e7\u00e3o de pobreza\u201d, critica.<\/p>\n<p>Entre os diversos dados que exp\u00f5em um abismo social que separa a elite mais rica das popula\u00e7\u00f5es mais pobres, o documento\u00a0<em>Tempo de Cuidar \u2013 O trabalho de cuidado mal remunerado e n\u00e3o pago e a crise global da desigualdade<\/em>, destaca que\u00a02.153 bilion\u00e1rios do mundo possuem uma riqueza maior do que 4,6 bilh\u00f5es de pessoas, aproximadamente 60% da popula\u00e7\u00e3o global. E o Brasil, apesar de ser um pa\u00eds perif\u00e9rico, n\u00e3o deixa de contribuir para essa concentra\u00e7\u00e3o de renda, ao deixar de lado, por exemplo, a <a href=\"https:\/\/www.redebrasilatual.com.br\/economia\/2015\/06\/prevista-na-constituicao-taxacao-de-grandes-fortunas-e-possivel-4493\/\" target=\"_blank\" rel=\"noopener noreferrer\">taxa\u00e7\u00e3o de grande fortunas<\/a>. \u201cApesar de estar escrito na Constitui\u00e7\u00e3o, isso nunca foi implementado\u201d, observa a diretora executiva.<\/p>\n<p>H\u00e1 pouco mais de um ano no poder, o <a href=\"https:\/\/www.redebrasilatual.com.br\/cidadania\/2019\/12\/brasil-7-pais-desigualdade\/\" target=\"_blank\" rel=\"noopener noreferrer\">governo de Jair Bolsonaro<\/a> tamb\u00e9m tem deixado sua \u201ccontribui\u00e7\u00e3o\u201d para a desigualdade, que aprofunda as<a href=\"https:\/\/www.redebrasilatual.com.br\/economia\/2019\/11\/fundacao-seade-desigualdade-racial-e-marcante-no-mercado-de-trabalho-em-sao-paulo\/\" target=\"_blank\" rel=\"noopener noreferrer\"> diversas clivagens<\/a> desse problema na sociedade brasileira. A come\u00e7ar pela explora\u00e7\u00e3o ainda maior sobre o trabalho de mulheres e meninas, enquanto bilion\u00e1rios acumulam fortunas. S\u00e3o elas as respons\u00e1veis por 75% do <a href=\"https:\/\/www.redebrasilatual.com.br\/trabalho\/2019\/04\/afazeres-domesticos-agravam-desigualdade-de-genero-no-mercado-de-trabalho\/\" target=\"_blank\" rel=\"noopener noreferrer\">trabalho de cuidado, n\u00e3o remunerado<\/a>, realizado no mundo. Uma desigualdade que faz com que a economia global perda US$ 10,8 trilh\u00f5es por ano, e que tamb\u00e9m diz muito sobre a viol\u00eancia e a falta de representa\u00e7\u00e3o pol\u00edtica.<\/p>\n<p>Na alta c\u00fapula do governo Bolsonaro, h\u00e1 20 ministros homens, mas apenas duas mulheres ocupando o mesmo cargo. E uma delas, a ministra da Mulher, da Fam\u00edlia e dos Direitos Humanos, Damares Alves, que, assim como o presidente, refor\u00e7a o <a href=\"https:\/\/www.redebrasilatual.com.br\/politica\/2018\/09\/machismo-e-racismo-fazem-parte-da-estrutura-do-estado-diz-manuela-davila\/\" target=\"_blank\" rel=\"noopener noreferrer\">discurso machista<\/a> de que o trabalho dom\u00e9stico \u00e9 unicamente responsabilidade das mulheres. Al\u00e9m de ser um governo que vem que impulsionando reformas com a <a href=\"https:\/\/www.redebrasilatual.com.br\/trabalho\/2019\/03\/reforma-da-previdencia-agrava-desigualdades-enfrentadas-por-mulheres-negras\/\" target=\"_blank\" rel=\"noopener noreferrer\">retirada de direitos sociais<\/a>.<\/p>\n<p>\u201cVoc\u00ea tem um conjunto n\u00e3o s\u00f3 de reformas, mas tamb\u00e9m de cortes em gastos sociais, elimina\u00e7\u00e3o de pol\u00edticas que eram pol\u00edticas de promo\u00e7\u00e3o dos direitos das mulheres, que faz com que o desafio de cidadania das mulheres, de elas poderem usufruir dos seus direitos, v\u00e3o ficando mais dif\u00edceis. E tem um outro fator, que no caso do Brasil \u00e9 muito significativo, que \u00e9 quando a gente cruza isso com o racismo. As priores condi\u00e7\u00f5es e os piores sal\u00e1rios s\u00e3o para as mulheres negras e isso precisa ser enfrentado pela nossa sociedade\u201d, alerta Katia.<\/p>\n<p>\u201c\u00c9\u00a0 dif\u00edcil imaginar que, com tantas desigualdades, isso n\u00e3o seja uma prioridade do governo (\u2026.)\u00a0 isso deveria ser prioridade de qualquer pessoa pol\u00edtica que se diz preocupado com o bem da sociedade brasileira\u201d, ressalta.<\/p>\n<p><strong>Fonte: Rede Brasil Atual<\/strong><\/p>\n","protected":false},"excerpt":{"rendered":"<p>Relat\u00f3rio da Oxfam, divulgado neste domingo (19), apontando um aumento na concentra\u00e7\u00e3o de renda no mundo, comprova \u201cque n\u00e3o se est\u00e1 fazendo nada para efetivamente enfrentar a concentra\u00e7\u00e3o de riqueza\u201d. A an\u00e1lise \u00e9 da diretora executiva da organiza\u00e7\u00e3o no Brasil, Katia Maia, em entrevista aos jornalistas\u00a0Nahama Nunes e Glauco Faria, da R\u00e1dio Brasil Atual.\u00a0\u201c\u00c9 uma [&hellip;]<\/p>\n","protected":false},"author":2,"featured_media":8243,"comment_status":"","ping_status":"","sticky":false,"template":"","format":"standard","meta":{"footnotes":""},"categories":[3],"tags":[],"class_list":["post-8244","post","type-post","status-publish","format-standard","has-post-thumbnail","hentry","category-noticias"],"_links":{"self":[{"href":"https:\/\/hostnetart.com.br\/baixada\/wp-json\/wp\/v2\/posts\/8244","targetHints":{"allow":["GET"]}}],"collection":[{"href":"https:\/\/hostnetart.com.br\/baixada\/wp-json\/wp\/v2\/posts"}],"about":[{"href":"https:\/\/hostnetart.com.br\/baixada\/wp-json\/wp\/v2\/types\/post"}],"author":[{"embeddable":true,"href":"https:\/\/hostnetart.com.br\/baixada\/wp-json\/wp\/v2\/users\/2"}],"replies":[{"embeddable":true,"href":"https:\/\/hostnetart.com.br\/baixada\/wp-json\/wp\/v2\/comments?post=8244"}],"version-history":[{"count":0,"href":"https:\/\/hostnetart.com.br\/baixada\/wp-json\/wp\/v2\/posts\/8244\/revisions"}],"wp:featuredmedia":[{"embeddable":true,"href":"https:\/\/hostnetart.com.br\/baixada\/wp-json\/wp\/v2\/media\/8243"}],"wp:attachment":[{"href":"https:\/\/hostnetart.com.br\/baixada\/wp-json\/wp\/v2\/media?parent=8244"}],"wp:term":[{"taxonomy":"category","embeddable":true,"href":"https:\/\/hostnetart.com.br\/baixada\/wp-json\/wp\/v2\/categories?post=8244"},{"taxonomy":"post_tag","embeddable":true,"href":"https:\/\/hostnetart.com.br\/baixada\/wp-json\/wp\/v2\/tags?post=8244"}],"curies":[{"name":"wp","href":"https:\/\/api.w.org\/{rel}","templated":true}]}}