{"id":8234,"date":"2020-01-21T13:33:07","date_gmt":"2020-01-21T16:33:07","guid":{"rendered":"https:\/\/hostnetart.com.br\/baixada\/preparar-militares-para-atender-fila-leva-um-ano-e-meio-dizem-trabalhadores-do-inss\/"},"modified":"2020-01-21T13:33:07","modified_gmt":"2020-01-21T16:33:07","slug":"preparar-militares-para-atender-fila-leva-um-ano-e-meio-dizem-trabalhadores-do-inss","status":"publish","type":"post","link":"https:\/\/hostnetart.com.br\/baixada\/preparar-militares-para-atender-fila-leva-um-ano-e-meio-dizem-trabalhadores-do-inss\/","title":{"rendered":"Preparar militares para atender fila leva um ano e meio, dizem trabalhadores do INSS"},"content":{"rendered":"<p>A decis\u00e3o do governo Bolsonaro de recrutar militares da reserva n\u00e3o reduzir\u00e1 a fila de pedidos de benef\u00edcios do Instituto Nacional do Seguro Social (INSS). A opini\u00e3o \u00e9 de servidores do \u00f3rg\u00e3o, em reportagem de J\u00f4 Miyagui, no <i>Seu Jornal<\/i>, da <b>TVT<\/b>. Tr\u00eas milh\u00f5es de pedidos feitos \u00e0 Previd\u00eancia Social est\u00e3o parados e at\u00e9 agora n\u00e3o foram atendidos. Para contornar a crise, o governo Bolsonaro decidiu <a href=\"https:\/\/www.redebrasilatual.com.br\/destaques\/2020\/01\/convocacao-militares-inss-falta-gestao\/\" target=\"_blank\" rel=\"noopener noreferrer\">contratar 7 mil militares da reserva<\/a> para trabalhar emergencialmente no INSS.<\/p>\n<p>De acordo com os servidores da Previd\u00eancia Social, atualmente h\u00e1 um d\u00e9ficit de 11 mil trabalhadores no setor, e n\u00e3o ser\u00e1 com a contrata\u00e7\u00e3o de sete mil militares despreparados para o cargo que o problema ser\u00e1 resolvido.<\/p>\n<p>\u201cN\u00f3s somos contra, servidores s\u00e3o contra, porque os militares sequer t\u00eam a capacita\u00e7\u00e3o t\u00e9cnica para fazer o servi\u00e7o. O nosso trabalho \u00e9 um servi\u00e7o especializado, t\u00e9cnico, tem que ter prestado concurso. Hoje no atendimento n\u00f3s temos poucos servidores e estagi\u00e1rios que nos d\u00e3o suporte. O estagi\u00e1rio ganha uma bolsa de R$ 400 para fazer esse servi\u00e7o, \u00e9 absurdo mandar um militar para ganhar R$ 2 mil, R$ 3 mil para fazer um servi\u00e7o que ele desconhece e n\u00e3o vai dar conta dessa fila\u201d, afirma Rita de C\u00e1ssia Assis, diretora da Federa\u00e7\u00e3o Nacional dos Sindicatos dos Trabalhadores em Sa\u00fade, Trabalho, Previd\u00eancia e Assist\u00eancia Social (Fenasps).<\/p>\n<p>Vilma Ramos, do Sindicato dos Trabalhadores do INSS, afirma que <a href=\"https:\/\/www.redebrasilatual.com.br\/destaques\/2020\/01\/berzoini-solucao-para-o-inss-passa-a-ideia-de-que-militar-pode-ser-salvador-da-patria\/\" target=\"_blank\" rel=\"noopener noreferrer\">preparar um servidor para esse servi\u00e7o<\/a> leva um ano e meio e a maneira mais r\u00e1pida de diminuir o problema \u00e9 contratar servidores aposentados da seguridade social. \u201cPara n\u00f3s, o concurso p\u00fablico \u00e9 uma das solu\u00e7\u00f5es, \u00e9 \u00f3bvio que n\u00f3s sabemos que n\u00f3s temos a\u00ed toda uma restri\u00e7\u00e3o or\u00e7ament\u00e1ria imposta pelo governo, mas n\u00f3s temos, como j\u00e1 disse, os nossos os aposentados, funcion\u00e1rios, capacitados, qualificados com compromisso com a Previd\u00eancia Social, que dedicaram sua vida \u00e0 Previd\u00eancia Social e que poderiam ser muito bem chamados\u201d, defende.<\/p>\n<p>\u201cO servidor do INSS tem um cheque em branco, dado pelo Estado brasileiro, para conceder benef\u00edcios e orientar sobre esta situa\u00e7\u00e3o e gerar uma despesa para o Estado brasileiro durante 20, 30 anos, por isso, cuidar desses dados \u00e9 uma condi\u00e7\u00e3o <i>sine qua non<\/i> para a Previd\u00eancia Social\u201d, diz Vilma.<\/p>\n<p>O sindicato dos trabalhadores do INSS afirma que esse sucateamento \u00e9 um processo calculado de desmonte e privatiza\u00e7\u00e3o do sistema. \u201cA reforma da Previd\u00eancia j\u00e1 apontou para isso, o ministro Guedes (<em>Paulo Guedes, da Economia<\/em>) levou a proposta e n\u00e3o passou, mas ainda n\u00e3o tirou da sua cabe\u00e7a a privatiza\u00e7\u00e3o do sistema previdenci\u00e1rio. O INSS, o governo nos \u00faltimos dois anos, de Temer e principalmente agora no governo Bolsonaro, pouco se preocupou se a popula\u00e7\u00e3o ia ter o seu aux\u00edlio doen\u00e7a, se a pessoa mais vulner\u00e1vel da sociedade iria ter o seu Loas, por exemplo\u201d, afirma, referindo-se ao Benef\u00edcio de Presta\u00e7\u00e3o Continuada (BCP), que atende as pessoas mais vulner\u00e1veis da sociedade.<\/p>\n<p>Na sexta-feira, o Minist\u00e9rio P\u00fablico e o Tribunal de Contas da Uni\u00e3o pediram a paralisa\u00e7\u00e3o do processo por entenderem que h\u00e1 a necessidade de concurso p\u00fablico. A federa\u00e7\u00e3o afirmou que tamb\u00e9m entrar\u00e1 na justi\u00e7a contra essa medida e n\u00e3o descarta uma greve nacional.<\/p>\n<p><strong>Fonte: Rede Brasil Atual<\/strong><\/p>\n","protected":false},"excerpt":{"rendered":"<p>A decis\u00e3o do governo Bolsonaro de recrutar militares da reserva n\u00e3o reduzir\u00e1 a fila de pedidos de benef\u00edcios do Instituto Nacional do Seguro Social (INSS). A opini\u00e3o \u00e9 de servidores do \u00f3rg\u00e3o, em reportagem de J\u00f4 Miyagui, no Seu Jornal, da TVT. Tr\u00eas milh\u00f5es de pedidos feitos \u00e0 Previd\u00eancia Social est\u00e3o parados e at\u00e9 agora [&hellip;]<\/p>\n","protected":false},"author":2,"featured_media":8233,"comment_status":"","ping_status":"","sticky":false,"template":"","format":"standard","meta":{"footnotes":""},"categories":[3],"tags":[],"class_list":["post-8234","post","type-post","status-publish","format-standard","has-post-thumbnail","hentry","category-noticias"],"_links":{"self":[{"href":"https:\/\/hostnetart.com.br\/baixada\/wp-json\/wp\/v2\/posts\/8234","targetHints":{"allow":["GET"]}}],"collection":[{"href":"https:\/\/hostnetart.com.br\/baixada\/wp-json\/wp\/v2\/posts"}],"about":[{"href":"https:\/\/hostnetart.com.br\/baixada\/wp-json\/wp\/v2\/types\/post"}],"author":[{"embeddable":true,"href":"https:\/\/hostnetart.com.br\/baixada\/wp-json\/wp\/v2\/users\/2"}],"replies":[{"embeddable":true,"href":"https:\/\/hostnetart.com.br\/baixada\/wp-json\/wp\/v2\/comments?post=8234"}],"version-history":[{"count":0,"href":"https:\/\/hostnetart.com.br\/baixada\/wp-json\/wp\/v2\/posts\/8234\/revisions"}],"wp:featuredmedia":[{"embeddable":true,"href":"https:\/\/hostnetart.com.br\/baixada\/wp-json\/wp\/v2\/media\/8233"}],"wp:attachment":[{"href":"https:\/\/hostnetart.com.br\/baixada\/wp-json\/wp\/v2\/media?parent=8234"}],"wp:term":[{"taxonomy":"category","embeddable":true,"href":"https:\/\/hostnetart.com.br\/baixada\/wp-json\/wp\/v2\/categories?post=8234"},{"taxonomy":"post_tag","embeddable":true,"href":"https:\/\/hostnetart.com.br\/baixada\/wp-json\/wp\/v2\/tags?post=8234"}],"curies":[{"name":"wp","href":"https:\/\/api.w.org\/{rel}","templated":true}]}}