{"id":8230,"date":"2020-01-17T18:30:27","date_gmt":"2020-01-17T21:30:27","guid":{"rendered":"https:\/\/hostnetart.com.br\/baixada\/trabalho-intermitente-paga-menos-que-o-salario-minimo-para-o-trabalhador\/"},"modified":"2020-01-17T18:30:27","modified_gmt":"2020-01-17T21:30:27","slug":"trabalho-intermitente-paga-menos-que-o-salario-minimo-para-o-trabalhador","status":"publish","type":"post","link":"https:\/\/hostnetart.com.br\/baixada\/trabalho-intermitente-paga-menos-que-o-salario-minimo-para-o-trabalhador\/","title":{"rendered":"Trabalho intermitente paga menos que o sal\u00e1rio m\u00ednimo para o trabalhador"},"content":{"rendered":"<p>Dados do <a href=\"https:\/\/www.dieese.org.br\/boletimempregoempauta\/2020\/boletimEmpregoEmPauta14.html\" target=\"_blank\" rel=\"noopener noreferrer\">Boletim Emprego em Pauta<\/a>, do Dieese, mostram que, ao contr\u00e1rio do que afirmavam os apoiadores da \u201creforma\u201d trabalhista, do governo de Michel Temer, o contrato intermitente <a href=\"https:\/\/www.redebrasilatual.com.br\/economia\/2019\/07\/modernizacao-trabalhista-vendida-como-solucao-fechou-duas-vezes-mais-vagas-do-que-criou\/\" target=\"_blank\" rel=\"noopener noreferrer\">n\u00e3o criou \u201cmilh\u00f5es de empregos\u201d<\/a>. Ao contr\u00e1rio, \u201clegalizou a precariza\u00e7\u00e3o e a informalidade\u201d no mercado de trabalho. A an\u00e1lise \u00e9 do diretor t\u00e9cnico da entidade intersindical, Clemente Ganz L\u00facio, em entrevista ao jornalista Glauco Faria, da <strong>R\u00e1dio Brasil Atual<\/strong>.<\/p>\n<p>Aprovado por lei, em 2017, o trabalho intermitente \u00e9 um tipo de v\u00ednculo formal em que o trabalhador fica \u00e0 disposi\u00e7\u00e3o da empresa, aguardando, sem remunera\u00e7\u00e3o, ser chamado pelo empregador.<\/p>\n<p>De acordo com informa\u00e7\u00f5es da Rela\u00e7\u00e3o Anual de Informa\u00e7\u00f5es Sociais (Rais), analisadas pelo Dieese, os <a href=\"https:\/\/www.redebrasilatual.com.br\/trabalho\/2019\/09\/reforma-trabalhista-a-historia-de-uma-falsa-promessa-e-as-mudancas-da-destruicao-sem-fim\/\" target=\"_blank\" rel=\"noopener noreferrer\">contratos intermitentes<\/a> representaram 0,13% do estoque de empregos formais em 2018 \u2013 n\u00famero pequeno diante do total de admiss\u00f5es, mas que vem crescendo, chegando a 0,29%, em 2019. No entanto, dos v\u00ednculos existentes nos \u00faltimos dois anos, pelo menos 11% deles n\u00e3o tiveram nenhuma atividade, ou seja, esses trabalhadores n\u00e3o receberam nada. S\u00f3 em dezembro de 2018, por exemplo, 40% dos trabalhadores ativos, fecharam o ano sem atividade.<\/p>\n<p>\u201cO risco de n\u00e3o ter nenhuma atividade \u00e9 muito grande e sem atividade o trabalhador n\u00e3o tem remunera\u00e7\u00e3o. No geral, em m\u00e9dia, um trabalhador com v\u00ednculo intermitente leva dois meses de v\u00ednculo sem remunera\u00e7\u00e3o para ter uma primeira chamada, demanda de trabalho, e na m\u00e9dia esse trabalho acaba girando em torno de tr\u00eas meses\u201d, explica Clemente. Nesse per\u00edodo em que o trabalhador est\u00e1 em atividade, a remunera\u00e7\u00e3o fica em torno de R$ 763, quase R$ 200 a menos do valor do sal\u00e1rio m\u00ednimo, na \u00e9poca fixado em R$ 954. O que impede, por exemplo, o empregado de contribuir para a Previd\u00eancia, tornando a <a href=\"https:\/\/www.redebrasilatual.com.br\/economia\/2019\/12\/recuperacao-a-caminho-para-o-dieese-politica-economica-seguira-excluindo-a-maioria\/\" target=\"_blank\" rel=\"noopener noreferrer\">aposentadoria ainda mais distante.<\/a>\u201d<\/p>\n<p>\u201cIsso tudo mostra que os contratos intermitentes s\u00e3o contratos ultraflex\u00edveis contra o trabalhador\u201d, alerta o diretor t\u00e9cnico. \u201c\u00c9\u00a0o exemplo claro de que n\u00f3s legalizamos a precariza\u00e7\u00e3o e, na pr\u00e1tica, a informalidade\u201d.<\/p>\n<p>Essa modalidade prejudica ainda os postos de trabalho que t\u00eam remunera\u00e7\u00e3o mais baixa que precisariam de mais formaliza\u00e7\u00e3o e, no caso dos trabalhadores, mais direitos. O Boletim tamb\u00e9m aponta que um em cada 10 trabalhadores com esse tipo de contrato, n\u00e3o tiveram <a href=\"https:\/\/www.redebrasilatual.com.br\/politica\/2019\/12\/taxacao-de-desempregados-dificilmente-sera-aprovada-pelo-congresso-diz-senador\/\" target=\"_blank\" rel=\"noopener noreferrer\">nenhuma atividade laboral<\/a> durante o ano. \u201c\u00c9 um v\u00ednculo que conta para a estat\u00edstica, mas que n\u00e3o gerou nenhum tipo de rendimento para o trabalhador e, quando gera, \u00e9 abaixo do sal\u00e1rio m\u00ednimo, para postos de baixa qualifica\u00e7\u00e3o e remunera\u00e7\u00e3o, e que, agora, com esse trabalho intermitente, tem uma remunera\u00e7\u00e3o ainda menor, mais flex\u00edvel e mais insegura\u201d, destaca Clemente.<\/p>\n<p><strong>Fonte: Rede Brasil Atual<\/strong><\/p>\n","protected":false},"excerpt":{"rendered":"<p>Dados do Boletim Emprego em Pauta, do Dieese, mostram que, ao contr\u00e1rio do que afirmavam os apoiadores da \u201creforma\u201d trabalhista, do governo de Michel Temer, o contrato intermitente n\u00e3o criou \u201cmilh\u00f5es de empregos\u201d. Ao contr\u00e1rio, \u201clegalizou a precariza\u00e7\u00e3o e a informalidade\u201d no mercado de trabalho. A an\u00e1lise \u00e9 do diretor t\u00e9cnico da entidade intersindical, Clemente [&hellip;]<\/p>\n","protected":false},"author":2,"featured_media":8229,"comment_status":"","ping_status":"","sticky":false,"template":"","format":"standard","meta":{"footnotes":""},"categories":[3],"tags":[],"class_list":["post-8230","post","type-post","status-publish","format-standard","has-post-thumbnail","hentry","category-noticias"],"_links":{"self":[{"href":"https:\/\/hostnetart.com.br\/baixada\/wp-json\/wp\/v2\/posts\/8230","targetHints":{"allow":["GET"]}}],"collection":[{"href":"https:\/\/hostnetart.com.br\/baixada\/wp-json\/wp\/v2\/posts"}],"about":[{"href":"https:\/\/hostnetart.com.br\/baixada\/wp-json\/wp\/v2\/types\/post"}],"author":[{"embeddable":true,"href":"https:\/\/hostnetart.com.br\/baixada\/wp-json\/wp\/v2\/users\/2"}],"replies":[{"embeddable":true,"href":"https:\/\/hostnetart.com.br\/baixada\/wp-json\/wp\/v2\/comments?post=8230"}],"version-history":[{"count":0,"href":"https:\/\/hostnetart.com.br\/baixada\/wp-json\/wp\/v2\/posts\/8230\/revisions"}],"wp:featuredmedia":[{"embeddable":true,"href":"https:\/\/hostnetart.com.br\/baixada\/wp-json\/wp\/v2\/media\/8229"}],"wp:attachment":[{"href":"https:\/\/hostnetart.com.br\/baixada\/wp-json\/wp\/v2\/media?parent=8230"}],"wp:term":[{"taxonomy":"category","embeddable":true,"href":"https:\/\/hostnetart.com.br\/baixada\/wp-json\/wp\/v2\/categories?post=8230"},{"taxonomy":"post_tag","embeddable":true,"href":"https:\/\/hostnetart.com.br\/baixada\/wp-json\/wp\/v2\/tags?post=8230"}],"curies":[{"name":"wp","href":"https:\/\/api.w.org\/{rel}","templated":true}]}}