{"id":8226,"date":"2020-01-17T18:26:13","date_gmt":"2020-01-17T21:26:13","guid":{"rendered":"https:\/\/hostnetart.com.br\/baixada\/berzoini-solucao-para-o-inss-passa-a-ideia-de-que-militar-pode-ser-salvador-da-patria\/"},"modified":"2020-01-17T18:26:13","modified_gmt":"2020-01-17T21:26:13","slug":"berzoini-solucao-para-o-inss-passa-a-ideia-de-que-militar-pode-ser-salvador-da-patria","status":"publish","type":"post","link":"https:\/\/hostnetart.com.br\/baixada\/berzoini-solucao-para-o-inss-passa-a-ideia-de-que-militar-pode-ser-salvador-da-patria\/","title":{"rendered":"Berzoini: solu\u00e7\u00e3o para o INSS passa a ideia de que militar pode ser salvador da p\u00e1tria"},"content":{"rendered":"<p>O Minist\u00e9rio P\u00fablico Federal n\u00e3o confirma a informa\u00e7\u00e3o de que proporia uma <a href=\"http:\/\/blogs.correiobraziliense.com.br\/vicente\/mpf-nao-descarta-acao-preventiva-contra-recrutamento-de-militares-no-inss\/\" target=\"_blank\" rel=\"noopener noreferrer\">a\u00e7\u00e3o preventiva<\/a> contra a contrata\u00e7\u00e3o de 7 mil militares para refor\u00e7ar o atendimento ao p\u00fablico nas ag\u00eancias do Instituto Nacional do Seguro Social (INSS). O questionamento do MPF seria sobre a rela\u00e7\u00e3o entre efici\u00eancia e custo da opera\u00e7\u00e3o, inclusive porque os militares n\u00e3o t\u00eam treinamento para exercer a fun\u00e7\u00e3o. Atualmente, h\u00e1 cerca de 1,3 milh\u00e3o de pedidos de benef\u00edcios parados na autarquia.<\/p>\n<p>Para o ex-ministro da Previd\u00eancia Ricardo Berzoini, al\u00e9m de a iniciativa do governo Jair Bolsonaro decorrer da <a href=\"https:\/\/www.redebrasilatual.com.br\/trabalho\/2020\/01\/convocacao-militares-inss-falta-gestao\/\" target=\"_blank\" rel=\"noopener noreferrer\">falta de gest\u00e3o<\/a>, a solu\u00e7\u00e3o \u00e9 \u201cperigosa\u201d. \u201cPorque passa a ideia de que o militar pode intervir na vida civil como salvador da p\u00e1tria\u201d, diz. \u201c\u00c9 t\u00e3o perigoso quanto a ideia de <a href=\"https:\/\/www.redebrasilatual.com.br\/educacao\/2019\/03\/assembleia-legislativa-paulista-ja-tem-projeto-de-militarizacao-das-escolas-1\/\" target=\"_blank\" rel=\"noopener noreferrer\">militariza\u00e7\u00e3o das escolas<\/a>. \u00c9 o que o governo tenta passar, inclusive com a quantidade de militares que est\u00e3o nos cargos de ministros e no segundo escal\u00e3o do governo.\u201d<\/p>\n<p>Ao escalar militares da reserva para atender o p\u00fablico do INSS, Bolsonaro tenta refor\u00e7ar a ideia de que tem que militarizar todos os setores da vida nacional, na opini\u00e3o do ex-ministro. \u201cS\u00f3 que \u00e9 absurdo, porque se chamar aposentados do pr\u00f3prio INSS, dando uma gratifica\u00e7\u00e3o semelhante, voc\u00ea conseguiria desafogar o sistema, pelo conhecimento que o pessoal tem do assunto.\u201d<\/p>\n<p>Para Berzoini, a solu\u00e7\u00e3o apresentada pelo governo \u00e9 tamb\u00e9m uma \u201cjogada de marketing, para passar a ideia de que para tudo a solu\u00e7\u00e3o \u00e9 militar, e ao mesmo tempo agradar o pessoal da reserva, que vai ganhar 30% para refor\u00e7ar as finan\u00e7as dom\u00e9sticas\u201d.<\/p>\n<p>Mas a chance de a proposta dar certo \u201c\u00e9 muito pequena\u201d, em sua opini\u00e3o. \u201cAcho que dar certo n\u00e3o vai. Existe um represamento de processos e requerimentos. Os militares ter\u00e3o que ser treinados e o treinamento b\u00e1sico razoavelmente qualificado \u00e9 de dois meses.\u201d Sendo assim, a proposta do governo s\u00f3 deve come\u00e7ar a funcionar na pr\u00e1tica em abril. \u201cSe funcionar\u201d, diz Berzoini. \u201cNesse per\u00edodo, mais milh\u00f5es de requerimentos de aposentadoria, pens\u00e3o e outros benef\u00edcios ter\u00e3o sido protocolados.\u201d<\/p>\n<p>Para Bolsonaro, \u201c\u00e9 muito simples\u201d. \u201cA legisla\u00e7\u00e3o diz que voc\u00ea pode, n\u00e3o \u00e9 convocar, eles podem aceitar um convite para trabalhar ganhando 30% dos seus proventos e n\u00e3o tem qualquer encargo trabalhista, n\u00e3o tem nada\u201d, disse na quarta-feira (15). Segundo ele, \u201ca ideia \u00e9, realmente, convidar os militares a participarem desse mutir\u00e3o para a gente diminuir a fila enorme que est\u00e1 no INSS\u201d.<\/p>\n<p>Ex-ministro da Secretaria de Governo de Bolsonaro, o general Carlos Alberto dos Santos Cruz criticou a ideia. \u201cN\u00e3o tem cabimento\u201d, declarou. \u201cOs funcion\u00e1rios do INSS sabem dar as ideias para a solu\u00e7\u00e3o. Tem que valorizar a institui\u00e7\u00e3o e as solu\u00e7\u00f5es ir\u00e3o aparecer\u201d, justificou o general. \u201cEle conhece o perfil do militar, que n\u00e3o \u00e9 esse, de atendimento\u201d, acrescenta Berzoini.<\/p>\n<h5>Mobiliza\u00e7\u00e3o<\/h5>\n<p>Servidores do INSS e sindicatos j\u00e1 se mobilizam contra a contrata\u00e7\u00e3o emergencial de militares para resolver o problema do gargalo gerado a partir do governo de Michel Temer. A Federa\u00e7\u00e3o Nacional de Sindicatos dos Trabalhadores em Sa\u00fade e Previd\u00eancia Social (Fenasps) e os sindicatos filiados promover\u00e3o atos nas ger\u00eancias e unidades do \u00f3rg\u00e3o em todo o pa\u00eds, em 24 de janeiro, Dia Nacional do Aposentado. Eles cogitam deflagrar uma greve.<\/p>\n<p>A entidade divulga um abaixo-assinado contra a iniciativa do governo (<a href=\"http:\/\/www.fenasps.org.br\/destaque\/2034-participe-do-abaixo-assinado-contra-a-militarizacao-do-inss\" target=\"_blank\" rel=\"noopener noreferrer\">acesse <strong>aqui<\/strong><\/a>). \u201c\u00c9 evidente que essa medida n\u00e3o resolve os problemas estruturais do INSS: a inten\u00e7\u00e3o do governo \u00e9 inserir militares no servi\u00e7o p\u00fablico, na maior autarquia desse pa\u00eds, para atender unicamente seus interesses pol\u00edticos\u201d, afirma a Fenasps.<\/p>\n<p>A federa\u00e7\u00e3o afirma que a solu\u00e7\u00e3o para o problema \u00e9 a realiza\u00e7\u00e3o de concursos p\u00fablicos, e lembra que, desde 2016, com Temer, a gest\u00e3o do INSS implementou plataformas digitais e retirou, de acordo com a Fenasps, 90% do atendimento presencial nas unidades do INSS.<\/p>\n<p>\u201cCom Temer j\u00e1 come\u00e7aram a represar a an\u00e1lise de benef\u00edcios, provavelmente para economizar dinheiro, para atrasar ou jogar para a frente gastos que o INSS ter\u00e1 de qualquer jeito,\u201d acrescenta Berzoini. \u201cCom a reforma da Previd\u00eancia, muita gente ficou com medo e correu para se aposentar. Isso j\u00e1 era previs\u00edvel. \u00c9 uma quest\u00e3o de gest\u00e3o e planejamento assegurar os meios tecnol\u00f3gicos e garantir pessoal suficiente pra fazer as an\u00e1lises.\u201d<\/p>\n<div class=\"penci-single-link-pages\">\u00a0<\/div>\n<div class=\"penci-single-link-pages\"><strong>Fonte: Rede Brasil Atual<\/strong><\/div>\n","protected":false},"excerpt":{"rendered":"<p>O Minist\u00e9rio P\u00fablico Federal n\u00e3o confirma a informa\u00e7\u00e3o de que proporia uma a\u00e7\u00e3o preventiva contra a contrata\u00e7\u00e3o de 7 mil militares para refor\u00e7ar o atendimento ao p\u00fablico nas ag\u00eancias do Instituto Nacional do Seguro Social (INSS). O questionamento do MPF seria sobre a rela\u00e7\u00e3o entre efici\u00eancia e custo da opera\u00e7\u00e3o, inclusive porque os militares n\u00e3o [&hellip;]<\/p>\n","protected":false},"author":2,"featured_media":8225,"comment_status":"","ping_status":"","sticky":false,"template":"","format":"standard","meta":{"footnotes":""},"categories":[3],"tags":[],"class_list":["post-8226","post","type-post","status-publish","format-standard","has-post-thumbnail","hentry","category-noticias"],"_links":{"self":[{"href":"https:\/\/hostnetart.com.br\/baixada\/wp-json\/wp\/v2\/posts\/8226","targetHints":{"allow":["GET"]}}],"collection":[{"href":"https:\/\/hostnetart.com.br\/baixada\/wp-json\/wp\/v2\/posts"}],"about":[{"href":"https:\/\/hostnetart.com.br\/baixada\/wp-json\/wp\/v2\/types\/post"}],"author":[{"embeddable":true,"href":"https:\/\/hostnetart.com.br\/baixada\/wp-json\/wp\/v2\/users\/2"}],"replies":[{"embeddable":true,"href":"https:\/\/hostnetart.com.br\/baixada\/wp-json\/wp\/v2\/comments?post=8226"}],"version-history":[{"count":0,"href":"https:\/\/hostnetart.com.br\/baixada\/wp-json\/wp\/v2\/posts\/8226\/revisions"}],"wp:featuredmedia":[{"embeddable":true,"href":"https:\/\/hostnetart.com.br\/baixada\/wp-json\/wp\/v2\/media\/8225"}],"wp:attachment":[{"href":"https:\/\/hostnetart.com.br\/baixada\/wp-json\/wp\/v2\/media?parent=8226"}],"wp:term":[{"taxonomy":"category","embeddable":true,"href":"https:\/\/hostnetart.com.br\/baixada\/wp-json\/wp\/v2\/categories?post=8226"},{"taxonomy":"post_tag","embeddable":true,"href":"https:\/\/hostnetart.com.br\/baixada\/wp-json\/wp\/v2\/tags?post=8226"}],"curies":[{"name":"wp","href":"https:\/\/api.w.org\/{rel}","templated":true}]}}