{"id":8224,"date":"2020-01-16T21:32:15","date_gmt":"2020-01-17T00:32:15","guid":{"rendered":"https:\/\/hostnetart.com.br\/baixada\/inss-prorroga-ate-junho-convenio-para-pagamento-da-aposentadoria\/"},"modified":"2020-01-16T21:32:15","modified_gmt":"2020-01-17T00:32:15","slug":"inss-prorroga-ate-junho-convenio-para-pagamento-da-aposentadoria","status":"publish","type":"post","link":"https:\/\/hostnetart.com.br\/baixada\/inss-prorroga-ate-junho-convenio-para-pagamento-da-aposentadoria\/","title":{"rendered":"INSS prorroga at\u00e9 junho conv\u00eanio para pagamento da aposentadoria"},"content":{"rendered":"<div class=\"elementor-element elementor-element-194680ec elementor-widget elementor-widget-theme-post-content\" data-id=\"194680ec\" data-element_type=\"widget\" data-widget_type=\"theme-post-content.default\">\n<div class=\"elementor-widget-container\">\n<p>O INSS prorrogou at\u00e9 junho a validade do conv\u00eanio que permite antecipar o pagamento dos benef\u00edcios aos associados junto com o Benef\u00edcio Previ, no dia 20 de cada m\u00eas.<\/p>\n<p>A decis\u00e3o foi tomada ap\u00f3s negocia\u00e7\u00f5es conduzidas pelos diretores eleitos da Previ, liderada por Marcel Barros (Seguridade), com a contribui\u00e7\u00e3o do deputado federal Christino \u00c1ureo (PP-RJ), relator da MP n\u00b0 905\/2019, que trata do rompimento do conv\u00eanio anunciado pelo governo no dia 20 de dezembro \u00faltimo.<\/p>\n<p>\u201cCom di\u00e1logo conseguimos prorrogar a validade do conv\u00eanio, mas essa \u00e9 ainda uma decis\u00e3o provis\u00f3ria e limitada. Esperamos que as negocia\u00e7\u00f5es prossigam e possamos encontrar uma solu\u00e7\u00e3o definitiva que mantenha o acordo com o INSS e beneficie os associados\u201d, afirma Marcel Barros.<\/p>\n<h3><strong>Bom para todos<\/strong><\/h3>\n<p>De acordo com Maciel, o conv\u00eanio, assinado em 1967, \u00e9 ben\u00e9fico para todos os envolvidos. \u201c\u00c9 bom para o aposentado porque \u00e9 pago em uma folha s\u00f3, tem o imposto de renda que \u00e9 retido e informado de uma s\u00f3 vez tamb\u00e9m. Al\u00e9m disso, ao receberem no dia 20 o benef\u00edcio do INSS, antecipado pela Previ, podem acrescentar esse valor em sua base para o c\u00e1lculo da margem consign\u00e1vel para obten\u00e7\u00e3o de empr\u00e9stimo simples e financiamento imobili\u00e1rio\u201d, explicou.<\/p>\n<p>Para o INSS, \u00e9 uma vantagem porque, por for\u00e7a do conv\u00eanio, retirou pessoas de suas ag\u00eancias, permitindo um melhor atendimento a quem precisava frequentar suas depend\u00eancias. E teve grande parte do seu trabalho interno de processamento de gest\u00e3o de pagamento de benef\u00edcios realizada pela Previ. Al\u00e9m disso, ao inv\u00e9s de o Instituto pagar benef\u00edcios do 1\u00b0 ao 5\u00ba dia \u00fatil de cada m\u00eas, passou a desembolsar os valores apenas no 5\u00ba dia \u00fatil \u2013 dia efetivo do repasse mensal \u00e0 Previ.<\/p>\n<p>O conv\u00eanio tamb\u00e9m \u00e9 bom para a Cassi, porque garante o controle da Previ sobre os valores do INSS para repasse da contribui\u00e7\u00e3o estatut\u00e1ria. E para o Banco do Brasil, o acordo com o INSS garante um p\u00fablico cativo recebendo um fluxo mensal de quase R$ 300 milh\u00f5es. \u201cAgora vamos tentar chegar a um entendimento para que o conv\u00eanio volte a vigorar por prazo indeterminado\u201d, conclui Marcel Barros.<\/p>\n<p><strong>Fonte: Contraf-CUT<\/strong><\/p>\n<\/div>\n<\/div>\n","protected":false},"excerpt":{"rendered":"<p>O INSS prorrogou at\u00e9 junho a validade do conv\u00eanio que permite antecipar o pagamento dos benef\u00edcios aos associados junto com o Benef\u00edcio Previ, no dia 20 de cada m\u00eas. A decis\u00e3o foi tomada ap\u00f3s negocia\u00e7\u00f5es conduzidas pelos diretores eleitos da Previ, liderada por Marcel Barros (Seguridade), com a contribui\u00e7\u00e3o do deputado federal Christino \u00c1ureo (PP-RJ), [&hellip;]<\/p>\n","protected":false},"author":2,"featured_media":8223,"comment_status":"","ping_status":"","sticky":false,"template":"","format":"standard","meta":{"footnotes":""},"categories":[3],"tags":[],"class_list":["post-8224","post","type-post","status-publish","format-standard","has-post-thumbnail","hentry","category-noticias"],"_links":{"self":[{"href":"https:\/\/hostnetart.com.br\/baixada\/wp-json\/wp\/v2\/posts\/8224","targetHints":{"allow":["GET"]}}],"collection":[{"href":"https:\/\/hostnetart.com.br\/baixada\/wp-json\/wp\/v2\/posts"}],"about":[{"href":"https:\/\/hostnetart.com.br\/baixada\/wp-json\/wp\/v2\/types\/post"}],"author":[{"embeddable":true,"href":"https:\/\/hostnetart.com.br\/baixada\/wp-json\/wp\/v2\/users\/2"}],"replies":[{"embeddable":true,"href":"https:\/\/hostnetart.com.br\/baixada\/wp-json\/wp\/v2\/comments?post=8224"}],"version-history":[{"count":0,"href":"https:\/\/hostnetart.com.br\/baixada\/wp-json\/wp\/v2\/posts\/8224\/revisions"}],"wp:featuredmedia":[{"embeddable":true,"href":"https:\/\/hostnetart.com.br\/baixada\/wp-json\/wp\/v2\/media\/8223"}],"wp:attachment":[{"href":"https:\/\/hostnetart.com.br\/baixada\/wp-json\/wp\/v2\/media?parent=8224"}],"wp:term":[{"taxonomy":"category","embeddable":true,"href":"https:\/\/hostnetart.com.br\/baixada\/wp-json\/wp\/v2\/categories?post=8224"},{"taxonomy":"post_tag","embeddable":true,"href":"https:\/\/hostnetart.com.br\/baixada\/wp-json\/wp\/v2\/tags?post=8224"}],"curies":[{"name":"wp","href":"https:\/\/api.w.org\/{rel}","templated":true}]}}