{"id":8218,"date":"2020-01-15T15:30:54","date_gmt":"2020-01-15T18:30:54","guid":{"rendered":"https:\/\/hostnetart.com.br\/baixada\/mais-de-80-projetos-de-lei-pretendem-restringir-o-direito-a-manifestacao\/"},"modified":"2020-01-15T15:30:54","modified_gmt":"2020-01-15T18:30:54","slug":"mais-de-80-projetos-de-lei-pretendem-restringir-o-direito-a-manifestacao","status":"publish","type":"post","link":"https:\/\/hostnetart.com.br\/baixada\/mais-de-80-projetos-de-lei-pretendem-restringir-o-direito-a-manifestacao\/","title":{"rendered":"Mais de 80 projetos de lei pretendem restringir o direito \u00e0 manifesta\u00e7\u00e3o"},"content":{"rendered":"<p>Mais de 80 projetos de lei propostos por partidos de direita, como\u00a0 PSL, PP, PR, MDB, PTB e PSC,\u00a0\u00a0tramitam na C\u00e2mara e no Senado, com a inten\u00e7\u00e3o de restringir o direito a manifesta\u00e7\u00e3o no pa\u00eds, caso sejam aprovados. Trata-se de uma s\u00e9rie de ataques \u00e0 democracia e \u00e0 pr\u00f3pria Constitui\u00e7\u00e3o Federal, que em seu artigo 5\u00ba garante a todo cidad\u00e3o o direito de livre manifesta\u00e7\u00e3o. Os parlamentares querem proibir o uso de m\u00e1scaras e o bloqueio de vias p\u00fablicas, dentre outras iniciativas esdr\u00faxulas.<\/p>\n<p>Segundo a advogada Camila Marques, coordenadora da ONG Artigo 19, esse conjunto de medidas representa uma amea\u00e7a real \u00e0 democracia.\u00a0\u201cH\u00e1 tanto um risco simb\u00f3lico, de intimida\u00e7\u00e3o, de que manifesta\u00e7\u00e3o n\u00e3o \u00e9 um lugar que a sociedade deve ocupar, quanto concreto, de criminaliza\u00e7\u00e3o real e aguda a movimentos sociais\u201d, afirmou ao rep\u00f3rter\u00a0Andr\u00e9 Gianocari, para o\u00a0<em>Seu Jornal<\/em>, da\u00a0<strong>TVT<\/strong>.<\/p>\n<p>Um exemplo do tipo de a\u00e7\u00e3o que os parlamentares pretender colocar na ilegalidade, segundo ela, \u00e9 a\u00a0<a href=\"https:\/\/www.redebrasilatual.com.br\/educacao\/2019\/02\/2018espero-tua-revolta2019-filme-sobre-ocupacao-de-escolas-em-sp-e-premiado-em-berlim\/\" target=\"_blank\" rel=\"noopener noreferrer\">ocupa\u00e7\u00e3o das escolas<\/a>\u00a0p\u00fablicas paulistas, como a realizada em unidades de ensino do estado de S\u00e3o Paulo em 2015. Os estudantes se insurgiram contra a chamada \u201creorganiza\u00e7\u00e3o escolar\u201d proposta pelo ent\u00e3o governador Geraldo Alckmin (PSDB), que previa o fechamento de mais de 90 escolas em todo o estado. Al\u00e9m de ocupar as unidades de ensino, os estudantes tamb\u00e9m realizaram o bloqueio de vias para chamar a aten\u00e7\u00e3o para a causa. Ao final, sa\u00edram vitoriosos, e o governo teve que recuar.<\/p>\n<p>Para o coordenador estadual do\u00a0Movimento dos Trabalhadores Sem Teto (MTST),\u00a0<span id=\":bw.co\" class=\"tL8wMe EMoHub\" dir=\"ltr\">Anderson Dal\u00e9cio<\/span>, essas propostas que buscam acuar as organiza\u00e7\u00f5es sociais n\u00e3o intimidam.\u00a0Ele afirma que n\u00e3o surpreende parlamentares que sustentaram o golpe do impeachment contra Dilma Rousseff e apoiaram a aprova\u00e7\u00e3o de medidas \u201cantipovo\u201d, como as reformas trabalhista e da Previd\u00eancia proponham medidas como essas. \u201cO nosso recado \u00e9: Nem um passo atr\u00e1s. Ditadura nunca mais. E enquanto eles estiverem retirando direitos do povo, n\u00f3s n\u00e3o daremos paz a governo nenhum.\u201d<\/p>\n<p><strong>Fonte: Rede Brasil Atual<\/strong><\/p>\n","protected":false},"excerpt":{"rendered":"<p>Mais de 80 projetos de lei propostos por partidos de direita, como\u00a0 PSL, PP, PR, MDB, PTB e PSC,\u00a0\u00a0tramitam na C\u00e2mara e no Senado, com a inten\u00e7\u00e3o de restringir o direito a manifesta\u00e7\u00e3o no pa\u00eds, caso sejam aprovados. Trata-se de uma s\u00e9rie de ataques \u00e0 democracia e \u00e0 pr\u00f3pria Constitui\u00e7\u00e3o Federal, que em seu artigo [&hellip;]<\/p>\n","protected":false},"author":2,"featured_media":8217,"comment_status":"","ping_status":"","sticky":false,"template":"","format":"standard","meta":{"footnotes":""},"categories":[3],"tags":[],"class_list":["post-8218","post","type-post","status-publish","format-standard","has-post-thumbnail","hentry","category-noticias"],"_links":{"self":[{"href":"https:\/\/hostnetart.com.br\/baixada\/wp-json\/wp\/v2\/posts\/8218","targetHints":{"allow":["GET"]}}],"collection":[{"href":"https:\/\/hostnetart.com.br\/baixada\/wp-json\/wp\/v2\/posts"}],"about":[{"href":"https:\/\/hostnetart.com.br\/baixada\/wp-json\/wp\/v2\/types\/post"}],"author":[{"embeddable":true,"href":"https:\/\/hostnetart.com.br\/baixada\/wp-json\/wp\/v2\/users\/2"}],"replies":[{"embeddable":true,"href":"https:\/\/hostnetart.com.br\/baixada\/wp-json\/wp\/v2\/comments?post=8218"}],"version-history":[{"count":0,"href":"https:\/\/hostnetart.com.br\/baixada\/wp-json\/wp\/v2\/posts\/8218\/revisions"}],"wp:featuredmedia":[{"embeddable":true,"href":"https:\/\/hostnetart.com.br\/baixada\/wp-json\/wp\/v2\/media\/8217"}],"wp:attachment":[{"href":"https:\/\/hostnetart.com.br\/baixada\/wp-json\/wp\/v2\/media?parent=8218"}],"wp:term":[{"taxonomy":"category","embeddable":true,"href":"https:\/\/hostnetart.com.br\/baixada\/wp-json\/wp\/v2\/categories?post=8218"},{"taxonomy":"post_tag","embeddable":true,"href":"https:\/\/hostnetart.com.br\/baixada\/wp-json\/wp\/v2\/tags?post=8218"}],"curies":[{"name":"wp","href":"https:\/\/api.w.org\/{rel}","templated":true}]}}