{"id":8210,"date":"2020-01-15T13:27:36","date_gmt":"2020-01-15T16:27:36","guid":{"rendered":"https:\/\/hostnetart.com.br\/baixada\/empregados-da-caixa-se-reunem-com-a-direcao-da-caixa-nesta-quarta-15\/"},"modified":"2020-01-15T13:27:36","modified_gmt":"2020-01-15T16:27:36","slug":"empregados-da-caixa-se-reunem-com-a-direcao-da-caixa-nesta-quarta-15","status":"publish","type":"post","link":"https:\/\/hostnetart.com.br\/baixada\/empregados-da-caixa-se-reunem-com-a-direcao-da-caixa-nesta-quarta-15\/","title":{"rendered":"Empregados da Caixa se re\u00fanem com a dire\u00e7\u00e3o da Caixa nesta quarta (15)"},"content":{"rendered":"<p>Os empregados da Caixa se re\u00fanem, nesta quarta-feira (15), com a dire\u00e7\u00e3o da Caixa, em Bras\u00edlia, para cobrar uma postura de institui\u00e7\u00e3o p\u00fablica e a defesa da Caixa 100% P\u00fablica. \u201cN\u00f3s teremos diversas pend\u00eancias das mesas anteriores, mas o foco principal ser\u00e1 a transpar\u00eancia nas reestrutura\u00e7\u00f5es que est\u00e3o ocorrendo e a falta de respeito com os empregados\u201d, revelou Fabiana Uehara Proscholdt, secret\u00e1ria da Cultura e representante da Confedera\u00e7\u00e3o Nacional dos Trabalhadores do Ramo Financeiro (Contraf-CUT).<\/p>\n<p>Desde o in\u00edcio do ano, trabalhadores de todo o Brasil colaboraram com in\u00fameras sugest\u00f5es para a pauta que ser\u00e1 debatida na reuni\u00e3o. \u201cMais uma vez, empregados da Caixa de todo o Brasil mostraram que est\u00e3o muito atentos \u00e0s mudan\u00e7as e pol\u00edticas de gest\u00e3o que afetam seus direitos, sa\u00fade e condi\u00e7\u00f5es de trabalho, al\u00e9m de se mostrarem conscientes da import\u00e2ncia de defender a Caixa 100% p\u00fablica e sua fun\u00e7\u00e3o social. Essa sinergia entre empregados e entidades representativas foi fundamental nas lutas que travamos em 2019 e, com certeza, mostrar\u00e1 novamente essa for\u00e7a em 2020\u201d, destaca o diretor do Sindicato e coordenador da Comiss\u00e3o Executiva dos Empregados (CEE\/Caixa), Dion\u00edsio Reis.<\/p>\n<h3>Confira abaixo as quest\u00f5es apontadas pelos empregados e entidades representativas:<\/h3>\n<ul>\n<li>Respeito \u00e0 carreira dos trabalhadores e n\u00e3o ao descomissionamento arbitr\u00e1rio.<\/li>\n<li>Fim da uberizacao do trabalho de caixas, tesoureiros e avaliadores de penhor (fim das carreiras por minuto).<\/li>\n<li>Estabilidade remunerat\u00f3ria aos empregados e pelo fim das incertezas, agravadas com os an\u00fancios de restrutura\u00e7\u00e3o.<\/li>\n<li>Fortalecimento do papel social da Caixa, com as fun\u00e7\u00f5es que atendem a popula\u00e7\u00e3o sendo melhor remuneradas e encarreiradas (cria\u00e7\u00e3o do assistente de atendimento social), valoriza\u00e7\u00e3o dos caixas e dos gestores em especial os Gov\/Social.<\/li>\n<li>Novo modelo de PSI \u00e9 excludente, considerando o \u00faltimo ciclo do GDP, no qual gestantes e empregados de licen\u00e7a n\u00e3o podem participar.<\/li>\n<li>M\u00e9todos mais eficientes para acompanhar os resultados das unidades, pois os superiores s\u00f3 olham os n\u00fameros do Conquiste. Por\u00e9m, n\u00e3o verificam de que forma foram constru\u00eddos, se todos dentro dos Normativos. Todo processo tem falhas e v\u00e1rios gestores n\u00e3o est\u00e3o nem a\u00ed para Normativos. Fazem o resultado de qualquer forma e mesmo depois de constatado o descumprimento das normas, gerando preju\u00edzo para a Caixa, o banco n\u00e3o toma nenhuma atitude contra essas chefias.<\/li>\n<li>Que a dire\u00e7\u00e3o da Caixa brigue pelo restabelecimento do conv\u00eanio com o INSS.<\/li>\n<li>Sa\u00fade Caixa para todos!<\/li>\n<li>Fim do B\u00f4nus Caixa e maior reconhecimento dos empregados.<\/li>\n<li>Fim das demiss\u00f5es dos PCDs por quest\u00f5es de adapta\u00e7\u00e3o.<\/li>\n<li>Contrata\u00e7\u00e3o imediata dos concursados 2014.<\/li>\n<li>Cobran\u00e7a de esclarecimentos sobre a reestrutura\u00e7\u00e3o que retirada de direitos dos Caixas, Tesoureiros e Gestores, al\u00e9m do fim deste processo.<\/li>\n<li>Fim da verticaliza\u00e7\u00e3o: equipara\u00e7\u00e3o salarial dos GAN PF e PJ com os gerentes de relacionamento PF e PJ.<\/li>\n<li>Tesoureiros: imediata redu\u00e7\u00e3o para jornada de 6h sem redu\u00e7\u00e3o salarial e agrega\u00e7\u00e3o da verba de quebra de Caixa ( essa verba tamb\u00e9m deve ser agregada aos avaliadores de Penhor)<\/li>\n<li>Valoriza\u00e7\u00e3o da Fun\u00e7\u00e3o de Caixa (volta da efetiva\u00e7\u00e3o) e do atendimento a popula\u00e7\u00e3o com o fim do Caixa minuto.<\/li>\n<li>Fim do Revalida e do GDP.<\/li>\n<li>Fim da jornada irregular dos GG, com o registro de ponto e o impedimento de jornadas superiores a 12h. Transpar\u00eancia no Sa\u00fade Caixa: precisamos dos dados para poder fiscalizar ou negociar. Onde est\u00e3o os relat\u00f3rios?<\/li>\n<\/ul>\n<p><strong>Fonte: Contraf-CUT<\/strong><\/p>\n","protected":false},"excerpt":{"rendered":"<p>Os empregados da Caixa se re\u00fanem, nesta quarta-feira (15), com a dire\u00e7\u00e3o da Caixa, em Bras\u00edlia, para cobrar uma postura de institui\u00e7\u00e3o p\u00fablica e a defesa da Caixa 100% P\u00fablica. \u201cN\u00f3s teremos diversas pend\u00eancias das mesas anteriores, mas o foco principal ser\u00e1 a transpar\u00eancia nas reestrutura\u00e7\u00f5es que est\u00e3o ocorrendo e a falta de respeito com [&hellip;]<\/p>\n","protected":false},"author":2,"featured_media":8209,"comment_status":"","ping_status":"","sticky":false,"template":"","format":"standard","meta":{"footnotes":""},"categories":[3],"tags":[],"class_list":["post-8210","post","type-post","status-publish","format-standard","has-post-thumbnail","hentry","category-noticias"],"_links":{"self":[{"href":"https:\/\/hostnetart.com.br\/baixada\/wp-json\/wp\/v2\/posts\/8210","targetHints":{"allow":["GET"]}}],"collection":[{"href":"https:\/\/hostnetart.com.br\/baixada\/wp-json\/wp\/v2\/posts"}],"about":[{"href":"https:\/\/hostnetart.com.br\/baixada\/wp-json\/wp\/v2\/types\/post"}],"author":[{"embeddable":true,"href":"https:\/\/hostnetart.com.br\/baixada\/wp-json\/wp\/v2\/users\/2"}],"replies":[{"embeddable":true,"href":"https:\/\/hostnetart.com.br\/baixada\/wp-json\/wp\/v2\/comments?post=8210"}],"version-history":[{"count":0,"href":"https:\/\/hostnetart.com.br\/baixada\/wp-json\/wp\/v2\/posts\/8210\/revisions"}],"wp:featuredmedia":[{"embeddable":true,"href":"https:\/\/hostnetart.com.br\/baixada\/wp-json\/wp\/v2\/media\/8209"}],"wp:attachment":[{"href":"https:\/\/hostnetart.com.br\/baixada\/wp-json\/wp\/v2\/media?parent=8210"}],"wp:term":[{"taxonomy":"category","embeddable":true,"href":"https:\/\/hostnetart.com.br\/baixada\/wp-json\/wp\/v2\/categories?post=8210"},{"taxonomy":"post_tag","embeddable":true,"href":"https:\/\/hostnetart.com.br\/baixada\/wp-json\/wp\/v2\/tags?post=8210"}],"curies":[{"name":"wp","href":"https:\/\/api.w.org\/{rel}","templated":true}]}}