{"id":821,"date":"2014-03-14T00:00:00","date_gmt":"2014-03-14T03:00:00","guid":{"rendered":"https:\/\/hostnetart.com.br\/baixada\/justica-de-santo-andre-proibe-divulgacao-de-ranking-individual-no-santander\/"},"modified":"2014-03-14T00:00:00","modified_gmt":"2014-03-14T03:00:00","slug":"justica-de-santo-andre-proibe-divulgacao-de-ranking-individual-no-santander","status":"publish","type":"post","link":"https:\/\/hostnetart.com.br\/baixada\/justica-de-santo-andre-proibe-divulgacao-de-ranking-individual-no-santander\/","title":{"rendered":"Justi\u00e7a de Santo Andr\u00e9 pro\u00edbe divulga\u00e7\u00e3o de ranking individual no Santander"},"content":{"rendered":"<p>Embora os banc\u00e1rios tenham conquistado a inclus\u00e3o da cl\u00e1usula 36\u00aa na Conven\u00e7\u00e3o Coletiva de Trabalho (CCT), que impede a divulga\u00e7\u00e3o do ranking individual dos seus empregados, isso n\u00e3o tem sido respeitado pelo Santander, conforme den\u00fancias de banc\u00e1rios aos sindicatos.<\/p>\n<p>\u00a0<br \/>Inicialmente, o banco alegou problemas sist\u00eamicos, protelando a retirada na sua intranet de todos os aplicativos destinados a ranquear os trabalhadores. Posteriormente, achando ter encontrado uma maneira para continuar desrespeitando o acordo firmado, o banco passou a divulgar os rankings utilizando como par\u00e2metro as suas \u201cmelhores pr\u00e1ticas\u201d, como ele mesmo definiu.<\/p>\n<p>\u00a0<br \/>Sem avan\u00e7o nas negocia\u00e7\u00f5es, o Sindicato dos Banc\u00e1rios do ABC ingressou com uma a\u00e7\u00e3o coletiva na Justi\u00e7a do Trabalho, exigindo o cumprimento daquilo que foi acordado na CCT.<\/p>\n<p>\u00a0<br \/>Em decis\u00e3o proferida pela ju\u00edza Silvia Cristina Martins Kyriakakis, da 2\u00aa Vara do Trabalho de Santo Andr\u00e9 (SP), fica o banco impedido de publicar por qualquer meio e forma o ranking individual e nominal do monitoramento de resultado de seus empregados, bem como seja obrigado a retirar imediatamente os que foram publicados at\u00e9 o momento, sob pena de multa di\u00e1ria no importe de R$ 10.000,00.<\/p>\n<p>\u00a0<br \/>\u201cEmbora seja uma decis\u00e3o de primeira inst\u00e2ncia, da qual cabe recurso, acreditamos que a mesma vai ser mantida pelas inst\u00e2ncias superiores, pois no curso do processo o pr\u00f3prio banco admitiu a exist\u00eancia do ranking, instrumento que tem uma \u00fanica finalidade, que \u00e9 a de pressionar, intimidar e adoecer boa parte dos trabalhadores do Santander\u201d, afirma Orlando Puccetti Jr. diretor do Sindicato e funcion\u00e1rio do banco.<\/p>\n<p>\u00a0<br \/>Fonte: Contraf-CUT com Seeb ABC<\/p>\n","protected":false},"excerpt":{"rendered":"<p>Embora os banc\u00e1rios tenham conquistado a inclus\u00e3o da cl\u00e1usula 36\u00aa na Conven\u00e7\u00e3o Coletiva de Trabalho (CCT), que impede a divulga\u00e7\u00e3o do ranking individual dos seus empregados, isso n\u00e3o tem sido respeitado pelo Santander, conforme den\u00fancias de banc\u00e1rios aos sindicatos. \u00a0Inicialmente, o banco alegou problemas sist\u00eamicos, protelando a retirada na sua intranet de todos os aplicativos [&hellip;]<\/p>\n","protected":false},"author":1,"featured_media":0,"comment_status":"","ping_status":"","sticky":false,"template":"","format":"standard","meta":{"footnotes":""},"categories":[3],"tags":[],"class_list":["post-821","post","type-post","status-publish","format-standard","hentry","category-noticias"],"_links":{"self":[{"href":"https:\/\/hostnetart.com.br\/baixada\/wp-json\/wp\/v2\/posts\/821","targetHints":{"allow":["GET"]}}],"collection":[{"href":"https:\/\/hostnetart.com.br\/baixada\/wp-json\/wp\/v2\/posts"}],"about":[{"href":"https:\/\/hostnetart.com.br\/baixada\/wp-json\/wp\/v2\/types\/post"}],"author":[{"embeddable":true,"href":"https:\/\/hostnetart.com.br\/baixada\/wp-json\/wp\/v2\/users\/1"}],"replies":[{"embeddable":true,"href":"https:\/\/hostnetart.com.br\/baixada\/wp-json\/wp\/v2\/comments?post=821"}],"version-history":[{"count":0,"href":"https:\/\/hostnetart.com.br\/baixada\/wp-json\/wp\/v2\/posts\/821\/revisions"}],"wp:attachment":[{"href":"https:\/\/hostnetart.com.br\/baixada\/wp-json\/wp\/v2\/media?parent=821"}],"wp:term":[{"taxonomy":"category","embeddable":true,"href":"https:\/\/hostnetart.com.br\/baixada\/wp-json\/wp\/v2\/categories?post=821"},{"taxonomy":"post_tag","embeddable":true,"href":"https:\/\/hostnetart.com.br\/baixada\/wp-json\/wp\/v2\/tags?post=821"}],"curies":[{"name":"wp","href":"https:\/\/api.w.org\/{rel}","templated":true}]}}