{"id":8208,"date":"2020-01-14T19:36:38","date_gmt":"2020-01-14T22:36:38","guid":{"rendered":"https:\/\/hostnetart.com.br\/baixada\/pressionada-pelos-participantes-funcef-anuncia-pedido-de-prorrogacao-de-convenio-com-o-inss\/"},"modified":"2020-01-14T19:36:38","modified_gmt":"2020-01-14T22:36:38","slug":"pressionada-pelos-participantes-funcef-anuncia-pedido-de-prorrogacao-de-convenio-com-o-inss","status":"publish","type":"post","link":"https:\/\/hostnetart.com.br\/baixada\/pressionada-pelos-participantes-funcef-anuncia-pedido-de-prorrogacao-de-convenio-com-o-inss\/","title":{"rendered":"Pressionada pelos participantes, Funcef anuncia pedido de prorroga\u00e7\u00e3o de conv\u00eanio com o INSS"},"content":{"rendered":"<p>Depois de quarenta dias de sob<a href=\"https:\/\/www.fenae.org.br\/portal\/fenae-portal\/noticias\/cgpar-25-caixa-e-funcef-mantem-silencio-sobre-implementacao-que-prejudicara-participantes.htm\" target=\"_blank\" rel=\"noopener noreferrer\">\u00a0forte press\u00e3o dos participantes<\/a>, a Funcef anunciou, na segunda-feira (13), no site da Funda\u00e7\u00e3o, que pediu adiamento da decis\u00e3o do governo que p\u00f5e fim ao contrato Caixa\/INSS\/FUNCEF.<\/p>\n<p>O of\u00edcio, que pede a prorroga\u00e7\u00e3o do conv\u00eanio at\u00e9 agosto, foi encaminhado \u00e0 autarquia do governo, para que neste tempo a Funcef tenha tempo de discutir uma altera\u00e7\u00e3o legal no artigo 117 da Lei 8.213\/91, que trata de acordos de coopera\u00e7\u00e3o t\u00e9cnica entre fundos de pens\u00e3o e INSS.<\/p>\n<p>Ap\u00f3s um angustiante per\u00edodo de sil\u00eancio da Diretoria de Benef\u00edcios, subordinada a um Diretor eleito, foi o presidente da funda\u00e7\u00e3o, Renato Villela, indicado pela Caixa, que se comprometeu, pessoalmente, a buscar solu\u00e7\u00f5es para o problema que atinge milhares de participantes.<\/p>\n<p>\u201cA Fenae e os participantes seguir\u00e3o acompanhando de perto os desdobramentos da interlocu\u00e7\u00e3o da Funcef, que finalmente se uniu \u00e0 Previ para somar for\u00e7as no sentido de priorizar os participantes\u201d, afirma a Diretora de Sa\u00fade e Previd\u00eancia da Fenae, Fabiana Matheus.<\/p>\n<p>O conv\u00eanio tem sido motivo de grande preocupa\u00e7\u00e3o entre os participantes e a Fenae tem recebido muitos questionamentos de participantes ansiosos para saber que medidas ser\u00e3o tomadas para que as contas fechem no final do m\u00eas e para que o INSS n\u00e3o enterre os trabalhadores com mais burocracia.<\/p>\n<p><strong>Fonte: Fenae<\/strong><\/p>\n","protected":false},"excerpt":{"rendered":"<p>Depois de quarenta dias de sob\u00a0forte press\u00e3o dos participantes, a Funcef anunciou, na segunda-feira (13), no site da Funda\u00e7\u00e3o, que pediu adiamento da decis\u00e3o do governo que p\u00f5e fim ao contrato Caixa\/INSS\/FUNCEF. O of\u00edcio, que pede a prorroga\u00e7\u00e3o do conv\u00eanio at\u00e9 agosto, foi encaminhado \u00e0 autarquia do governo, para que neste tempo a Funcef tenha [&hellip;]<\/p>\n","protected":false},"author":2,"featured_media":8207,"comment_status":"","ping_status":"","sticky":false,"template":"","format":"standard","meta":{"footnotes":""},"categories":[3],"tags":[],"class_list":["post-8208","post","type-post","status-publish","format-standard","has-post-thumbnail","hentry","category-noticias"],"_links":{"self":[{"href":"https:\/\/hostnetart.com.br\/baixada\/wp-json\/wp\/v2\/posts\/8208","targetHints":{"allow":["GET"]}}],"collection":[{"href":"https:\/\/hostnetart.com.br\/baixada\/wp-json\/wp\/v2\/posts"}],"about":[{"href":"https:\/\/hostnetart.com.br\/baixada\/wp-json\/wp\/v2\/types\/post"}],"author":[{"embeddable":true,"href":"https:\/\/hostnetart.com.br\/baixada\/wp-json\/wp\/v2\/users\/2"}],"replies":[{"embeddable":true,"href":"https:\/\/hostnetart.com.br\/baixada\/wp-json\/wp\/v2\/comments?post=8208"}],"version-history":[{"count":0,"href":"https:\/\/hostnetart.com.br\/baixada\/wp-json\/wp\/v2\/posts\/8208\/revisions"}],"wp:featuredmedia":[{"embeddable":true,"href":"https:\/\/hostnetart.com.br\/baixada\/wp-json\/wp\/v2\/media\/8207"}],"wp:attachment":[{"href":"https:\/\/hostnetart.com.br\/baixada\/wp-json\/wp\/v2\/media?parent=8208"}],"wp:term":[{"taxonomy":"category","embeddable":true,"href":"https:\/\/hostnetart.com.br\/baixada\/wp-json\/wp\/v2\/categories?post=8208"},{"taxonomy":"post_tag","embeddable":true,"href":"https:\/\/hostnetart.com.br\/baixada\/wp-json\/wp\/v2\/tags?post=8208"}],"curies":[{"name":"wp","href":"https:\/\/api.w.org\/{rel}","templated":true}]}}