{"id":8202,"date":"2020-01-14T14:05:30","date_gmt":"2020-01-14T17:05:30","guid":{"rendered":"https:\/\/hostnetart.com.br\/baixada\/apos-protestos-franca-suspende-alteracao-da-idade-minima-para-aposentadoria\/"},"modified":"2020-01-14T14:05:30","modified_gmt":"2020-01-14T17:05:30","slug":"apos-protestos-franca-suspende-alteracao-da-idade-minima-para-aposentadoria","status":"publish","type":"post","link":"https:\/\/hostnetart.com.br\/baixada\/apos-protestos-franca-suspende-alteracao-da-idade-minima-para-aposentadoria\/","title":{"rendered":"Ap\u00f3s protestos, Fran\u00e7a suspende altera\u00e7\u00e3o da idade m\u00ednima para aposentadoria"},"content":{"rendered":"<p>A mobiliza\u00e7\u00e3o dos trabalhadores mostrou mais uma vez que a uni\u00e3o faz a diferen\u00e7a, desta vez, na Fran\u00e7a. Ap\u00f3s 38 dias de greve e muitos protestos contra o projeto de Reforma da Previd\u00eancia, proposto pelo governo do pa\u00eds, neste s\u00e1bado, o primeiro-ministro \u00c9douard Philippe anunciou uma suspens\u00e3o provis\u00f3ria do aumento da idade m\u00ednima de 62 para 64 anos para se ter acesso \u00e0 aposentadoria integral. \u00a0<\/p>\n<p>Essa foi a primeira vez que o governo se mostrou aberto para negociar pontos da reforma. \u201cCom a inten\u00e7\u00e3o de demonstrar minha confian\u00e7a nos interlocutores sindicais, estou disposto a retirar a curto prazo do projeto de lei a medida que havia proposto, que consiste em convergir progressivamente a partir de 2022 at\u00e9 uma idade de equil\u00edbrio de 64 anos em 2027\u201d, escreveu o primeiro-ministro, condicionando\u00a0a retirada da medida de forma definitiva a um \u201cacordo sobre o equil\u00edbrio e o financiamento das pens\u00f5es\u201d em um encontro previsto com as lideran\u00e7as sindicais e patronais.<\/p>\n<p>A proposta pretende substituir 42 sistemas de aposentadorias por um universal, o que exigir\u00e1 dos trabalhadores, principalmente os do servi\u00e7o p\u00fablico, trabalhar por muito mais tempo. \u00a0<\/p>\n<p>De acordo com a reportagem do Brasil de Fato, as lideran\u00e7as da central sindical CFDT s\u00e3o contr\u00e1rias \u00e0s altera\u00e7\u00f5es nas regras previdenci\u00e1rias e consideraram um sinal \u201cda vontade do compromisso do governo\u201d e disseram que v\u00e3o continuar as negocia\u00e7\u00f5es.<\/p>\n<p><strong>Fonte: Contraf-CUT<\/strong><\/p>\n","protected":false},"excerpt":{"rendered":"<p>A mobiliza\u00e7\u00e3o dos trabalhadores mostrou mais uma vez que a uni\u00e3o faz a diferen\u00e7a, desta vez, na Fran\u00e7a. Ap\u00f3s 38 dias de greve e muitos protestos contra o projeto de Reforma da Previd\u00eancia, proposto pelo governo do pa\u00eds, neste s\u00e1bado, o primeiro-ministro \u00c9douard Philippe anunciou uma suspens\u00e3o provis\u00f3ria do aumento da idade m\u00ednima de 62 [&hellip;]<\/p>\n","protected":false},"author":2,"featured_media":8201,"comment_status":"","ping_status":"","sticky":false,"template":"","format":"standard","meta":{"footnotes":""},"categories":[3],"tags":[],"class_list":["post-8202","post","type-post","status-publish","format-standard","has-post-thumbnail","hentry","category-noticias"],"_links":{"self":[{"href":"https:\/\/hostnetart.com.br\/baixada\/wp-json\/wp\/v2\/posts\/8202","targetHints":{"allow":["GET"]}}],"collection":[{"href":"https:\/\/hostnetart.com.br\/baixada\/wp-json\/wp\/v2\/posts"}],"about":[{"href":"https:\/\/hostnetart.com.br\/baixada\/wp-json\/wp\/v2\/types\/post"}],"author":[{"embeddable":true,"href":"https:\/\/hostnetart.com.br\/baixada\/wp-json\/wp\/v2\/users\/2"}],"replies":[{"embeddable":true,"href":"https:\/\/hostnetart.com.br\/baixada\/wp-json\/wp\/v2\/comments?post=8202"}],"version-history":[{"count":0,"href":"https:\/\/hostnetart.com.br\/baixada\/wp-json\/wp\/v2\/posts\/8202\/revisions"}],"wp:featuredmedia":[{"embeddable":true,"href":"https:\/\/hostnetart.com.br\/baixada\/wp-json\/wp\/v2\/media\/8201"}],"wp:attachment":[{"href":"https:\/\/hostnetart.com.br\/baixada\/wp-json\/wp\/v2\/media?parent=8202"}],"wp:term":[{"taxonomy":"category","embeddable":true,"href":"https:\/\/hostnetart.com.br\/baixada\/wp-json\/wp\/v2\/categories?post=8202"},{"taxonomy":"post_tag","embeddable":true,"href":"https:\/\/hostnetart.com.br\/baixada\/wp-json\/wp\/v2\/tags?post=8202"}],"curies":[{"name":"wp","href":"https:\/\/api.w.org\/{rel}","templated":true}]}}