{"id":8200,"date":"2020-01-14T14:04:30","date_gmt":"2020-01-14T17:04:30","guid":{"rendered":"https:\/\/hostnetart.com.br\/baixada\/cresce-o-mercado-de-agrotoxicos-ilegais-no-brasil-entenda-os-riscos\/"},"modified":"2020-01-14T14:04:30","modified_gmt":"2020-01-14T17:04:30","slug":"cresce-o-mercado-de-agrotoxicos-ilegais-no-brasil-entenda-os-riscos","status":"publish","type":"post","link":"https:\/\/hostnetart.com.br\/baixada\/cresce-o-mercado-de-agrotoxicos-ilegais-no-brasil-entenda-os-riscos\/","title":{"rendered":"Cresce o mercado de agrot\u00f3xicos ilegais no Brasil; entenda os riscos"},"content":{"rendered":"<p><a href=\"https:\/\/www.brasildefato.com.br\/\/2020\/01\/13\/cresce-o-mercado-de-agrotoxicos-ilegais-no-brasil-entenda-o-riscos\/\" target=\"_blank\" rel=\"noopener noreferrer\">BdF<\/a>\u00a0\u2013 O mercado de agrot\u00f3xicos ilegais \u2013 roubados ou contrabandeados \u2013\u00a0tem crescido no Brasil, de acordo com pesquisas de entidades ligadas ao agroneg\u00f3cio.<\/p>\n<p>Um relat\u00f3rio do Instituto de Desenvolvimento Econ\u00f4mico e Social das Fronteiras (Idesf) aponta, por exemplo, que 20% dos agrot\u00f3xicos\u00a0vendidos no pa\u00eds s\u00e3o de origem ilegal. J\u00e1 a Federa\u00e7\u00e3o das Ind\u00fastrias do Estado de S\u00e3o Paulo (Fiesp) estima que o n\u00famero chegue a 24%. As pesquisas s\u00e3o feitas com base em informa\u00e7\u00f5es fornecidas pela pol\u00edcia e por autoridades estaduais.<\/p>\n<p>O com\u00e9rcio desses produtos provoca um descontrole sobre os compostos qu\u00edmicos utilizados nas lavouras, levando muitas vezes os cidad\u00e3os a consumir comida com subst\u00e2ncias proibidas e, obviamente, mal\u00e9ficas \u00e0 sa\u00fade. Segundo as entidades, a\u00a0entrada no mercado \u00e9 majoritariamente pela fronteira, em especial pelo Paraguai, onde se tem pouco ou quase nenhum controle sobre a produ\u00e7\u00e3o de agroqu\u00edmicos.<\/p>\n<p>O presidente do Idesf, Luciano Stremel Barros, alerta que os produtos sem padr\u00e3o s\u00e3o, em geral, consumidos pelo mercado interno, j\u00e1 que as grandes empresas t\u00eam um controle maior sobre os agrot\u00f3xicos utilizados. \u201cEles [as grandes empresas] acabam fazendo essa checagem maior dos produtos que eles est\u00e3o comprando para exporta\u00e7\u00e3o. Quer dizer: estamos envenenando o mercado interno. Acaba batendo no brasileiro esse tipo de produto\u201d, afirma.<\/p>\n<p>Barros diz que h\u00e1 coniv\u00eancia de compradores brasileiros com o mercado do contrabando. \u201cSe n\u00e3o tiv\u00e9ssemos compradores, n\u00e3o ter\u00edamos o mercado ilegal\u201d. Segundo ele, o perfil dos compradores \u00e9 vasto.<\/p>\n<p class=\"ckeditor-subtitle\">Contrabando ou n\u00e3o, agrot\u00f3xico \u00e9 prejudicial<\/p>\n<p>Alan Tygel, coordenador da<a href=\"https:\/\/www.redebrasilatual.com.br\/ambiente\/2019\/10\/midia-alternativa-se-une-por-campanha-brasil-sem-veneno-desconstruir-mentiras-do-agronegocio\/\" target=\"_blank\" rel=\"noopener noreferrer\">\u00a0Campanha contra os Agrot\u00f3xicos<\/a>, afirma que o consumo de produtos sem verifica\u00e7\u00e3o qu\u00edmica pode agravar a situa\u00e7\u00e3o do envenenamento da popula\u00e7\u00e3o brasileira.<\/p>\n<p>\u201cNo caso dos agrot\u00f3xicos que s\u00e3o contrabandeados de outros pa\u00edses, voc\u00ea n\u00e3o tem esse controle sobre a fabrica\u00e7\u00e3o dele. Esses agrot\u00f3xicos podem conter subst\u00e2ncias ainda mais perigosas do que o agrot\u00f3xico em si\u201d, ressalta.<\/p>\n<p>Tygel refor\u00e7a que condenar o uso dos produtos contrabandeados n\u00e3o valida o uso dos<a href=\"https:\/\/www.redebrasilatual.com.br\/destaques\/2019\/12\/agrotoxicos-prejudicar-exportacoes\/\" target=\"_blank\" rel=\"noopener noreferrer\">\u00a0agrot\u00f3xicos liberados no Brasil<\/a>. Para ele, \u00e9 preciso tomar cuidado para que os dados n\u00e3o sejam usados como falso alerta pela ind\u00fastria do veneno.<\/p>\n<p>\u201cEsse discurso [de refor\u00e7ar o uso de veneno ilegal] vem muito da ind\u00fastria de agrot\u00f3xico. Eles tentam jogar toda a culpa dos problemas dos agrot\u00f3xicos nos agrot\u00f3xicos ilegais, clandestinos\u201d, diz.<\/p>\n<p>Ele afirma que o alto \u00edndice de comercializa\u00e7\u00e3o de produtos ilegais n\u00e3o ameniza os riscos dos produtos legais, tamb\u00e9m\u00a0<a href=\"https:\/\/www.redebrasilatual.com.br\/saude-e-ciencia\/2019\/08\/estudo-do-instituto-butanta-mostra-que-agrotoxicos-em-qualquer-dosagem-podem-fazer-mal-a-saude\/\" target=\"_blank\" rel=\"noopener noreferrer\">prejudiciais \u00e0 sa\u00fade<\/a>. \u201cA ind\u00fastria tenta for\u00e7ar esse discurso de que o problema \u00e9 o uso errado, sem seguir as normas de uso, que o problema \u00e9 o agrot\u00f3xico ilegal, mas obviamente uma coisa n\u00e3o valida a outra. N\u00e3o teria nenhuma vantagem se n\u00e3o tivesse o agrot\u00f3xico ilegal\u201d.<\/p>\n<p><strong>Fonte: Rede Brasil Atual<\/strong><\/p>\n","protected":false},"excerpt":{"rendered":"<p>BdF\u00a0\u2013 O mercado de agrot\u00f3xicos ilegais \u2013 roubados ou contrabandeados \u2013\u00a0tem crescido no Brasil, de acordo com pesquisas de entidades ligadas ao agroneg\u00f3cio. Um relat\u00f3rio do Instituto de Desenvolvimento Econ\u00f4mico e Social das Fronteiras (Idesf) aponta, por exemplo, que 20% dos agrot\u00f3xicos\u00a0vendidos no pa\u00eds s\u00e3o de origem ilegal. J\u00e1 a Federa\u00e7\u00e3o das Ind\u00fastrias do Estado [&hellip;]<\/p>\n","protected":false},"author":2,"featured_media":8199,"comment_status":"","ping_status":"","sticky":false,"template":"","format":"standard","meta":{"footnotes":""},"categories":[3],"tags":[],"class_list":["post-8200","post","type-post","status-publish","format-standard","has-post-thumbnail","hentry","category-noticias"],"_links":{"self":[{"href":"https:\/\/hostnetart.com.br\/baixada\/wp-json\/wp\/v2\/posts\/8200","targetHints":{"allow":["GET"]}}],"collection":[{"href":"https:\/\/hostnetart.com.br\/baixada\/wp-json\/wp\/v2\/posts"}],"about":[{"href":"https:\/\/hostnetart.com.br\/baixada\/wp-json\/wp\/v2\/types\/post"}],"author":[{"embeddable":true,"href":"https:\/\/hostnetart.com.br\/baixada\/wp-json\/wp\/v2\/users\/2"}],"replies":[{"embeddable":true,"href":"https:\/\/hostnetart.com.br\/baixada\/wp-json\/wp\/v2\/comments?post=8200"}],"version-history":[{"count":0,"href":"https:\/\/hostnetart.com.br\/baixada\/wp-json\/wp\/v2\/posts\/8200\/revisions"}],"wp:featuredmedia":[{"embeddable":true,"href":"https:\/\/hostnetart.com.br\/baixada\/wp-json\/wp\/v2\/media\/8199"}],"wp:attachment":[{"href":"https:\/\/hostnetart.com.br\/baixada\/wp-json\/wp\/v2\/media?parent=8200"}],"wp:term":[{"taxonomy":"category","embeddable":true,"href":"https:\/\/hostnetart.com.br\/baixada\/wp-json\/wp\/v2\/categories?post=8200"},{"taxonomy":"post_tag","embeddable":true,"href":"https:\/\/hostnetart.com.br\/baixada\/wp-json\/wp\/v2\/tags?post=8200"}],"curies":[{"name":"wp","href":"https:\/\/api.w.org\/{rel}","templated":true}]}}