{"id":8196,"date":"2020-01-13T19:18:43","date_gmt":"2020-01-13T22:18:43","guid":{"rendered":"https:\/\/hostnetart.com.br\/baixada\/excesso-de-capacidade-ociosa-e-baixa-demanda-travam-recuperacao-da-economia\/"},"modified":"2020-01-13T19:18:43","modified_gmt":"2020-01-13T22:18:43","slug":"excesso-de-capacidade-ociosa-e-baixa-demanda-travam-recuperacao-da-economia","status":"publish","type":"post","link":"https:\/\/hostnetart.com.br\/baixada\/excesso-de-capacidade-ociosa-e-baixa-demanda-travam-recuperacao-da-economia\/","title":{"rendered":"Excesso de capacidade ociosa e baixa demanda travam recupera\u00e7\u00e3o da economia"},"content":{"rendered":"<p>Para o professor Alessandro Donadio Miebach, do Departamento de Economia e Rela\u00e7\u00f5es Institucionais da Universidade Federal do Rio Grande do Sul (UFRGS), o primeiro ano de gest\u00e3o do ministro da Economia <a href=\"https:\/\/www.redebrasilatual.com.br\/tag\/paulo-guedes\/\" target=\"_blank\" rel=\"noopener noreferrer\">Paulo Guedes<\/a> aponta para uma continuidade do que j\u00e1 vinha sendo praticado no governo Temer. A principal diferen\u00e7a seria a mudan\u00e7a de patamar no c\u00e2mbio, que n\u00e3o rendeu resultados em termos de balan\u00e7a comercial.<\/p>\n<p>\u201cO que caracteriza a gest\u00e3o do Guedes \u00e9 que ele est\u00e1 buscando implementar um conjunto que a gente chamaria de estrutura de pre\u00e7os chilenos. Qual \u00e9? Juros baixos, moeda dom\u00e9stica depreciada e sal\u00e1rio comprimido. \u00c9 uma combina\u00e7\u00e3o que, tradicionalmente, se associa a uma expectativa positiva de crescimento, s\u00f3 que, em geral, associada a plataformas exportadoras. S\u00f3 que a gente n\u00e3o est\u00e1 numa plataforma exportadora, a gente est\u00e1 no Brasil e a\u00ed \u00e9 onde essa estrat\u00e9gia neoliberal, essa combina\u00e7\u00e3o de pre\u00e7os, dada a estrutura da nossa economia, n\u00e3o traz resposta em termos de crescimento, porque tu n\u00e3o tem demanda\u201d, pontua, em entrevista ao portal <a href=\"https:\/\/www.sul21.com.br\/entrevistas-2\/2020\/01\/investimento-privado-nao-vai-puxar-crescimento-economico-se-nao-houver-demanda-avalia-professor-da-ufrgs\/\" target=\"_blank\" rel=\"noopener noreferrer\">Sul21<\/a>.<\/p>\n<p>Em <a href=\"https:\/\/www.redebrasilatual.com.br\/economia\/2020\/01\/situacao-da-industria-brasileira-nunca-foi-tao-grave-diz-marco-antonio-rocha\/\" target=\"_blank\" rel=\"noopener noreferrer\">entrevista \u00e0 <strong>RBA<\/strong><\/a>, o economista Marco Antonio Rocha, do Instituto de Economia da Unicamp, tamb\u00e9m chama a aten\u00e7\u00e3o para o fato de a taxa de c\u00e2mbio, mesmo com tend\u00eancia \u00e0 desvaloriza\u00e7\u00e3o do real, n\u00e3o ter fornecido qualquer alento para a produ\u00e7\u00e3o industrial. \u201cPortanto, os dados preocupam, em primeiro lugar, porque sugerem certa incapacidade de rea\u00e7\u00e3o da ind\u00fastria nacional a uma mudan\u00e7a positiva nos pre\u00e7os relativos\u201d, pontuou.<\/p>\n<p>Segundo Miebach, o cen\u00e1rio internacional n\u00e3o favorece o tipo de pol\u00edtica implementada por Paulo Guedes. \u201cOs mercados externos est\u00e3o travados. Os principais mercados para as nossas exporta\u00e7\u00f5es industriais est\u00e3o em recess\u00e3o, como \u00e9 o caso da Argentina, e a nossa estrutura produtiva para exporta\u00e7\u00e3o \u00e9 muito mais voltada para bens prim\u00e1rios. O problema, na minha concep\u00e7\u00e3o, \u00e9 que tu trava uma aus\u00eancia de pol\u00edtica fiscal de gasto. Precisa de demanda para que essa estrutura de pre\u00e7os, que seria favor\u00e1vel ao crescimento, de fato se manifestasse, acelerasse.\u201d<\/p>\n<p>Dados divulgados pelo Minist\u00e9rio da Fazenda mostram que em 2019, pela primeira vez em 40 anos, as exporta\u00e7\u00f5es de produtos b\u00e1sicos, que n\u00e3o tem tecnologia envolvida ou algum tipo de acabamento, foram respons\u00e1veis por mais da metade da pauta de vendas externas brasileiras. As exporta\u00e7\u00f5es somaram US$ 224,018 bilh\u00f5es, sendo US$ 118,180 bilh\u00f5es (52,75%) referentes a itens b\u00e1sicos como minerais e produtos agr\u00edcolas, por exemplo.<\/p>\n<h4>Sem demanda interna, sem investimento<\/h4>\n<p>Alessandro Donadio Miebach tamb\u00e9m destaca que, mesmo com taxas de juros mais baixas, os investimentos privados que, na \u00f3tica da equipe econ\u00f4mica seriam o motor da recupera\u00e7\u00e3o, n\u00e3o v\u00e3o ocorrer porque existe um excesso de capacidade ociosa.<\/p>\n<p>\u201cO empres\u00e1rio n\u00e3o vai investir para aumentar a capacidade, que \u00e9 o investimento no sentido macroecon\u00f4mico, para aumentar a capacidade produtiva, se n\u00e3o tem demanda para os seus produtos. \u2018Bom, vou esperar ter melhores condi\u00e7\u00f5es de demanda para fazer a avalia\u00e7\u00e3o se vou fazer investimento ou n\u00e3o\u2019. Tu tem uma restri\u00e7\u00e3o de demanda que est\u00e1 inibindo investimentos e a pr\u00f3pria rea\u00e7\u00e3o dos investimentos em rela\u00e7\u00e3o \u00e0 redu\u00e7\u00e3o de juros sinaliza que isso parece uma hip\u00f3tese bastante consistente. Baixou os juros e n\u00e3o veio investimento\u201d, explica.<\/p>\n<p>Confira a <a href=\"https:\/\/www.sul21.com.br\/entrevistas-2\/2020\/01\/investimento-privado-nao-vai-puxar-crescimento-economico-se-nao-houver-demanda-avalia-professor-da-ufrgs\/\" target=\"_blank\" rel=\"noopener noreferrer\">\u00edntegra da entrevista de Miebach<\/a>.<\/p>\n<p><strong>Fonte: Rede Brasil Atual<\/strong><\/p>\n","protected":false},"excerpt":{"rendered":"<p>Para o professor Alessandro Donadio Miebach, do Departamento de Economia e Rela\u00e7\u00f5es Institucionais da Universidade Federal do Rio Grande do Sul (UFRGS), o primeiro ano de gest\u00e3o do ministro da Economia Paulo Guedes aponta para uma continuidade do que j\u00e1 vinha sendo praticado no governo Temer. A principal diferen\u00e7a seria a mudan\u00e7a de patamar no [&hellip;]<\/p>\n","protected":false},"author":2,"featured_media":8195,"comment_status":"","ping_status":"","sticky":false,"template":"","format":"standard","meta":{"footnotes":""},"categories":[3],"tags":[],"class_list":["post-8196","post","type-post","status-publish","format-standard","has-post-thumbnail","hentry","category-noticias"],"_links":{"self":[{"href":"https:\/\/hostnetart.com.br\/baixada\/wp-json\/wp\/v2\/posts\/8196","targetHints":{"allow":["GET"]}}],"collection":[{"href":"https:\/\/hostnetart.com.br\/baixada\/wp-json\/wp\/v2\/posts"}],"about":[{"href":"https:\/\/hostnetart.com.br\/baixada\/wp-json\/wp\/v2\/types\/post"}],"author":[{"embeddable":true,"href":"https:\/\/hostnetart.com.br\/baixada\/wp-json\/wp\/v2\/users\/2"}],"replies":[{"embeddable":true,"href":"https:\/\/hostnetart.com.br\/baixada\/wp-json\/wp\/v2\/comments?post=8196"}],"version-history":[{"count":0,"href":"https:\/\/hostnetart.com.br\/baixada\/wp-json\/wp\/v2\/posts\/8196\/revisions"}],"wp:featuredmedia":[{"embeddable":true,"href":"https:\/\/hostnetart.com.br\/baixada\/wp-json\/wp\/v2\/media\/8195"}],"wp:attachment":[{"href":"https:\/\/hostnetart.com.br\/baixada\/wp-json\/wp\/v2\/media?parent=8196"}],"wp:term":[{"taxonomy":"category","embeddable":true,"href":"https:\/\/hostnetart.com.br\/baixada\/wp-json\/wp\/v2\/categories?post=8196"},{"taxonomy":"post_tag","embeddable":true,"href":"https:\/\/hostnetart.com.br\/baixada\/wp-json\/wp\/v2\/tags?post=8196"}],"curies":[{"name":"wp","href":"https:\/\/api.w.org\/{rel}","templated":true}]}}