{"id":8194,"date":"2020-01-13T19:16:05","date_gmt":"2020-01-13T22:16:05","guid":{"rendered":"https:\/\/hostnetart.com.br\/baixada\/fantastico-confunde-empreendedorismo-com-informalidade-e-e-criticado-nas-redes-sociais\/"},"modified":"2020-01-13T19:16:05","modified_gmt":"2020-01-13T22:16:05","slug":"fantastico-confunde-empreendedorismo-com-informalidade-e-e-criticado-nas-redes-sociais","status":"publish","type":"post","link":"https:\/\/hostnetart.com.br\/baixada\/fantastico-confunde-empreendedorismo-com-informalidade-e-e-criticado-nas-redes-sociais\/","title":{"rendered":"Fant\u00e1stico confunde \u2018empreendedorismo\u2019 com informalidade e \u00e9 criticado nas redes sociais"},"content":{"rendered":"<p>O <a href=\"https:\/\/g1.globo.com\/fantastico\/noticia\/2020\/01\/12\/aplicativos-e-redes-sociais-ajudam-brasileiros-desempregados-a-se-reinventarem-no-mercado.ghtml\" target=\"_blank\" rel=\"noopener noreferrer\"><em>Fant\u00e1stico<\/em><\/a>, da TV Globo, exibiu neste domingo (12) jovens trabalhadores que utilizam aplicativos de celular e as redes sociais para driblar a onda do desemprego. Segundo a reportagem, s\u00e3o 5,9 milh\u00f5es de empreendedores formais e informais que usaram a tecnologia em seus neg\u00f3cios em 2019. Foram mostrados uma artes\u00e3 e um maquiador que utilizam aplicativos de mensagens para se relacionar com seus clientes, e tamb\u00e9m um jovem desempregado que procura bicos como bartender.<\/p>\n<p>A artes\u00e3 j\u00e1 trabalhou como operadora de telemarketing e auxiliar de produ\u00e7\u00e3o. Desde pequena, se vira vendendo de \u201cgelinho\u201d a panos de prato. Hoje, ela produz em casa bolsas e outros artefatos de tecido, e diz que a internet ajudou a alavancar as vendas. O maquiador j\u00e1 trabalhou em banco e numa corretora financeira, em Bras\u00edlia. Agora, em S\u00e3o Paulo, diz que, sem a internet, teria que estar vinculado a um \u201cespa\u00e7o f\u00edsico\u201d para trabalhar. O jovem desempregado tem a carteira de trabalho ainda em branco, e diz que n\u00e3o est\u00e1 f\u00e1cil para conseguir uma vaga formal.<\/p>\n<p>\u201cNo Brasil, pa\u00eds com quase 12 milh\u00f5es de <a href=\"https:\/\/www.redebrasilatual.com.br\/economia\/2019\/11\/trabalho-informal-desemprego\/\" target=\"_blank\" rel=\"noopener noreferrer\">desempregados<\/a>, muito trabalhador est\u00e1 se reinventando com talento e um telefone na m\u00e3o\u201d, disse o apresentador Tadeu Schmidt, na abertura da reportagem.\u00a0 A \u201cglamouriza\u00e7\u00e3o\u201d do trabalho informal, que atinge <a href=\"https:\/\/www.redebrasilatual.com.br\/trabalho\/2019\/09\/ibge-sem-carteira-assinada-informalidade\/\" target=\"_blank\" rel=\"noopener noreferrer\">38,6 milh\u00f5es de pessoas<\/a> no Brasil \u2013 cerca de 41% da popula\u00e7\u00e3o \u2013 foi criticada pelas redes sociais. O\u00a0pr\u00f3prio apresentador leu mensagem de um telespectador que denunciou o tom adotado pela reportagem:<\/p>\n<p><strong>Fonte: Rede Brasil Atual<\/strong><\/p>\n","protected":false},"excerpt":{"rendered":"<p>O Fant\u00e1stico, da TV Globo, exibiu neste domingo (12) jovens trabalhadores que utilizam aplicativos de celular e as redes sociais para driblar a onda do desemprego. Segundo a reportagem, s\u00e3o 5,9 milh\u00f5es de empreendedores formais e informais que usaram a tecnologia em seus neg\u00f3cios em 2019. Foram mostrados uma artes\u00e3 e um maquiador que utilizam [&hellip;]<\/p>\n","protected":false},"author":2,"featured_media":8193,"comment_status":"","ping_status":"","sticky":false,"template":"","format":"standard","meta":{"footnotes":""},"categories":[3],"tags":[],"class_list":["post-8194","post","type-post","status-publish","format-standard","has-post-thumbnail","hentry","category-noticias"],"_links":{"self":[{"href":"https:\/\/hostnetart.com.br\/baixada\/wp-json\/wp\/v2\/posts\/8194","targetHints":{"allow":["GET"]}}],"collection":[{"href":"https:\/\/hostnetart.com.br\/baixada\/wp-json\/wp\/v2\/posts"}],"about":[{"href":"https:\/\/hostnetart.com.br\/baixada\/wp-json\/wp\/v2\/types\/post"}],"author":[{"embeddable":true,"href":"https:\/\/hostnetart.com.br\/baixada\/wp-json\/wp\/v2\/users\/2"}],"replies":[{"embeddable":true,"href":"https:\/\/hostnetart.com.br\/baixada\/wp-json\/wp\/v2\/comments?post=8194"}],"version-history":[{"count":0,"href":"https:\/\/hostnetart.com.br\/baixada\/wp-json\/wp\/v2\/posts\/8194\/revisions"}],"wp:featuredmedia":[{"embeddable":true,"href":"https:\/\/hostnetart.com.br\/baixada\/wp-json\/wp\/v2\/media\/8193"}],"wp:attachment":[{"href":"https:\/\/hostnetart.com.br\/baixada\/wp-json\/wp\/v2\/media?parent=8194"}],"wp:term":[{"taxonomy":"category","embeddable":true,"href":"https:\/\/hostnetart.com.br\/baixada\/wp-json\/wp\/v2\/categories?post=8194"},{"taxonomy":"post_tag","embeddable":true,"href":"https:\/\/hostnetart.com.br\/baixada\/wp-json\/wp\/v2\/tags?post=8194"}],"curies":[{"name":"wp","href":"https:\/\/api.w.org\/{rel}","templated":true}]}}