{"id":8190,"date":"2020-01-13T19:11:47","date_gmt":"2020-01-13T22:11:47","guid":{"rendered":"https:\/\/hostnetart.com.br\/baixada\/ministerio-publico-ataca-os-fundos-de-pensao\/"},"modified":"2020-01-13T19:11:47","modified_gmt":"2020-01-13T22:11:47","slug":"ministerio-publico-ataca-os-fundos-de-pensao","status":"publish","type":"post","link":"https:\/\/hostnetart.com.br\/baixada\/ministerio-publico-ataca-os-fundos-de-pensao\/","title":{"rendered":"Minist\u00e9rio P\u00fablico ataca os fundos de pens\u00e3o"},"content":{"rendered":"<p>Sob o pretexto de combater a corrup\u00e7\u00e3o, os promotores da for\u00e7a-tarefa da Opera\u00e7\u00e3o Greenfield realizaram mais uma investida contra os fundos de pens\u00e3o. O novo movimento foi feito por meio da apresenta\u00e7\u00e3o de den\u00fancia contra ex-dirigentes dos fundos de pens\u00e3o que decidiram investir no FIP Sondas, respons\u00e1vel pelos aportes na empresa Sete Brasil. A den\u00fancia \u00e9 baseada em dela\u00e7\u00f5es premiadas sem provas.<\/p>\n<p>\u201cEm nenhuma linha do documento os promotores abordam o fato de grandes investidores privados terem participado tamb\u00e9m do neg\u00f3cio, como foi o caso do Bradesco, Santander, BTG Pactual e fundos estrangeiros que, juntos, investiram mais de R$ 3,5 bilh\u00f5es\u201d, afirma Jo\u00e3o Luiz Fukunaga, coordenador nacional da Comiss\u00e3o de Empresa dos Funcion\u00e1rios do BB.<\/p>\n<p>O aporte da Previ foi de R$ 180 milh\u00f5es, equivalente a 0,1% dos recursos totais do Plano 1 \u00e0 \u00e9poca do investimento. Os procedimentos e an\u00e1lises t\u00e9cnicas que sustentaram a decis\u00e3o da Diretoria foram apurados pela auditoria interna da entidade, que n\u00e3o identificou qualquer irregularidade. <\/p>\n<p>Na mesma linha, a CPI dos Fundos de Pens\u00e3o, ap\u00f3s seus t\u00e9cnicos examinarem todos os documentos, elogiou a governan\u00e7a da Previ na condu\u00e7\u00e3o do assunto. E, em especial, pelo fato de n\u00e3o ter feito o segundo aporte no fundo, para n\u00e3o aumentar a exposi\u00e7\u00e3o dos recursos do plano aos riscos do neg\u00f3cio.<\/p>\n<p>Al\u00e9m disso, a Previ est\u00e1 buscando o retorno do seu investimento por meio de a\u00e7\u00f5es judiciais, na defesa dos interesses dos seus associados, conforme nota oficial da pr\u00f3pria entidade. <\/p>\n<p>Na verdade, em 2010, fazia todo sentido investir na cadeia do \u00f3leo e g\u00e1s. Com a descoberta das reservas de pr\u00e9-sal e o barril do petr\u00f3leo a US$ 100,00, o Brasil necessitava rapidamente se estruturar para explorar essa riqueza. <\/p>\n<p>Entre 2014 e 2016, contudo, o quadro mundial se alterou em raz\u00e3o das disputas comerciais entre \u00e1rabes e os produtores de xisto nos EUA. E a estrat\u00e9gia da Opep foi reduzir o pre\u00e7o do barril de petr\u00f3leo para n\u00edveis abaixo de US$ 40,00, o que tornou caro, naquele momento, o processo produtivo de extra\u00e7\u00e3o do pr\u00e9-sal, aumentando em muito o risco desses investimentos. <\/p>\n<p>Al\u00e9m disso, a Sete Brasil dependia de empr\u00e9stimos que n\u00e3o foram realizados, principalmente pelo BNDES, pois a empresa j\u00e1 estava sem cr\u00e9dito por conta das den\u00fancias de corrup\u00e7\u00e3o envolvendo a Petrobras. Logicamente, os promotores n\u00e3o tocam em uma linha desse assunto na acusa\u00e7\u00e3o que apresentaram.<\/p>\n<p>\u201cInfelizmente, a exemplo da opera\u00e7\u00e3o Vaza Jato, o Minist\u00e9rio P\u00fablico se comporta como partido pol\u00edtico e coloca um setor s\u00e9rio e necess\u00e1rio para os trabalhadores e para a economia do pa\u00eds, como \u00e9 a previd\u00eancia complementar, como um suposto espa\u00e7o para pr\u00e1ticas generalizadas de corrup\u00e7\u00e3o\u201d, critica Jo\u00e3o Luiz Fukunaga.<\/p>\n<p>Entidades s\u00e9rias e com \u00f3tima governan\u00e7a, como \u00e9 o caso da Previ, s\u00e3o colocadas, junto com seus ex-dirigentes, sob suspei\u00e7\u00e3o.<\/p>\n<p>\u201cPor isso, cabe a reflex\u00e3o: a quem interessa esse tipo de alarde? Certamente, n\u00e3o \u00e9 aos milhares de trabalhadores associados dos fundos de pens\u00e3o que desejam ver a boa gest\u00e3o de seus recursos garantindo o pagamento dos seus benef\u00edcios\u201d, acrescenta o coordenador da Comiss\u00e3o de Empresa.<\/p>\n<p>A ampla campanha contra os fundos de pens\u00e3o e seus dirigentes aparece no momento em que o governo federal tenta emplacar sua tese de que o setor tem que ser gerido por \u201cprofissionais\u201d de mercado, que seriam \u201cindependentes\u201d e \u201cimunes\u201d a press\u00f5es pol\u00edticas. Tudo balela. No Postalis, quem levou os recursos dos trabalhadores ao preju\u00edzo foi um banco privado internacional, mandatado para realizar os investimentos em nome dos trabalhadores dos Correios. <\/p>\n<p>\u201cOs associados precisam estar atentos e mobilizados na defesa dos seus fundos de pens\u00e3o, pois est\u00e1 em jogo a correta gest\u00e3o de quase R$ 1 trilh\u00e3o de reais, que s\u00e3o os ativos totais do sistema fechado de previd\u00eancia complementar reservados para o pagamento de milhares de aposentadorias e pens\u00f5es\u201d, convoca Fukunaga.<\/p>\n<p><strong>Fonte: Contraf-CUT<\/strong><\/p>\n","protected":false},"excerpt":{"rendered":"<p>Sob o pretexto de combater a corrup\u00e7\u00e3o, os promotores da for\u00e7a-tarefa da Opera\u00e7\u00e3o Greenfield realizaram mais uma investida contra os fundos de pens\u00e3o. O novo movimento foi feito por meio da apresenta\u00e7\u00e3o de den\u00fancia contra ex-dirigentes dos fundos de pens\u00e3o que decidiram investir no FIP Sondas, respons\u00e1vel pelos aportes na empresa Sete Brasil. A den\u00fancia [&hellip;]<\/p>\n","protected":false},"author":2,"featured_media":8189,"comment_status":"","ping_status":"","sticky":false,"template":"","format":"standard","meta":{"footnotes":""},"categories":[3],"tags":[],"class_list":["post-8190","post","type-post","status-publish","format-standard","has-post-thumbnail","hentry","category-noticias"],"_links":{"self":[{"href":"https:\/\/hostnetart.com.br\/baixada\/wp-json\/wp\/v2\/posts\/8190","targetHints":{"allow":["GET"]}}],"collection":[{"href":"https:\/\/hostnetart.com.br\/baixada\/wp-json\/wp\/v2\/posts"}],"about":[{"href":"https:\/\/hostnetart.com.br\/baixada\/wp-json\/wp\/v2\/types\/post"}],"author":[{"embeddable":true,"href":"https:\/\/hostnetart.com.br\/baixada\/wp-json\/wp\/v2\/users\/2"}],"replies":[{"embeddable":true,"href":"https:\/\/hostnetart.com.br\/baixada\/wp-json\/wp\/v2\/comments?post=8190"}],"version-history":[{"count":0,"href":"https:\/\/hostnetart.com.br\/baixada\/wp-json\/wp\/v2\/posts\/8190\/revisions"}],"wp:featuredmedia":[{"embeddable":true,"href":"https:\/\/hostnetart.com.br\/baixada\/wp-json\/wp\/v2\/media\/8189"}],"wp:attachment":[{"href":"https:\/\/hostnetart.com.br\/baixada\/wp-json\/wp\/v2\/media?parent=8190"}],"wp:term":[{"taxonomy":"category","embeddable":true,"href":"https:\/\/hostnetart.com.br\/baixada\/wp-json\/wp\/v2\/categories?post=8190"},{"taxonomy":"post_tag","embeddable":true,"href":"https:\/\/hostnetart.com.br\/baixada\/wp-json\/wp\/v2\/tags?post=8190"}],"curies":[{"name":"wp","href":"https:\/\/api.w.org\/{rel}","templated":true}]}}