{"id":8180,"date":"2020-01-09T20:02:00","date_gmt":"2020-01-09T23:02:00","guid":{"rendered":"https:\/\/hostnetart.com.br\/baixada\/incendios-florestais-brasil-pode-ser-a-australia-amanha-alerta-especialista\/"},"modified":"2020-01-09T20:02:00","modified_gmt":"2020-01-09T23:02:00","slug":"incendios-florestais-brasil-pode-ser-a-australia-amanha-alerta-especialista","status":"publish","type":"post","link":"https:\/\/hostnetart.com.br\/baixada\/incendios-florestais-brasil-pode-ser-a-australia-amanha-alerta-especialista\/","title":{"rendered":"Inc\u00eandios florestais: \u2018Brasil pode ser a Austr\u00e1lia amanh\u00e3\u2019, alerta especialista"},"content":{"rendered":"<p>Segundo dados do\u00a0Instituto Nacional de Pesquisas Espaciais (Inpe), a Amaz\u00f4nia brasileira registrou 89 mil focos de inc\u00eandio em 2019, o que representa aumento de 30% em rela\u00e7\u00e3o ao ano anterior. As queimadas voltaram a aumentar nos \u00faltimos dois meses do ano. S\u00f3 em dezembro, o n\u00famero de focos foi 80% maior, na compara\u00e7\u00e3o com o mesmo per\u00edodo de 2018. Esse crescimento das queimadas, combinado com o <a href=\"https:\/\/www.redebrasilatual.com.br\/ambiente\/2019\/08\/queimadas-estado-de-excecao-ambiental\/\" target=\"_blank\" rel=\"noopener noreferrer\">desmantelamento<\/a> dos mecanismos de fiscaliza\u00e7\u00e3o e prote\u00e7\u00e3o do meio ambiente, al\u00e9m da ret\u00f3rica do governo Bolsonaro que estimula a ocupa\u00e7\u00e3o desregrada da regi\u00e3o, pode levar o Brasil a um inc\u00eandio florestal de grandes propor\u00e7\u00f5es, como os que v\u00eam ocorrendo na Austr\u00e1lia.<\/p>\n<p>Apesar das causas distintas e tamb\u00e9m da composi\u00e7\u00e3o dos diferente dos biomas, \u201co Brasil pode ser a Austr\u00e1lia amanh\u00e3\u201d, afirma o presidente do Instituto Brasileiro de Prote\u00e7\u00e3o Ambiental (Proam), Carlos Bocuhy. Por l\u00e1, as queimadas v\u00eam ocorrendo de forma espont\u00e2nea, devido \u00e0 onda de calor que assola o continente. Por aqui, destaca-se a atua\u00e7\u00e3o humana, com <a href=\"https:\/\/www.redebrasilatual.com.br\/ambiente\/2019\/12\/desmatamento-amazonia-aumenta-212\/\" target=\"_blank\" rel=\"noopener noreferrer\">queimadas que se sucedem ao desmatamento<\/a> das \u00e1reas florestais. Outra diferen\u00e7a \u00e9 que a vegeta\u00e7\u00e3o australiana \u00e9 mais seca, o que facilita o alastramento do fogo, a partir de fortes ventos.<\/p>\n<p>Contudo, as queimas causadas pelo homem na regi\u00e3o amaz\u00f4nica podem levar a um processo de \u201csavaniza\u00e7\u00e3o\u201d, alerta Bocuhy, j\u00e1 que as \u00e1reas desmatadas, mesmo quando restauradas, n\u00e3o recuperariam toda a biodiversidade e densidade de biomassa da cobertura original. Assim, ficariam mais suscet\u00edveis a inc\u00eandios espont\u00e2neos, como os que ocorrem na Austr\u00e1lia.<\/p>\n<p>\u201cTentar compara os inc\u00eandios da Amaz\u00f4nia com os da Austr\u00e1lia \u00e9 um exerc\u00edcio il\u00f3gico. \u00c9 preciso muito malabarismo para fazer essa compara\u00e7\u00e3o. As situa\u00e7\u00f5es s\u00e3o muito diferentes, desde a composi\u00e7\u00e3o dos ecossistemas at\u00e9 a indu\u00e7\u00e3o da queima. Aqui no Brasil foram queimas provocadas pela m\u00e3o do homem, para a ocupa\u00e7\u00e3o dos espa\u00e7os. Na Austr\u00e1lia, n\u00e3o. \u00c9 outra realidade. O que temos de semelhan\u00e7a \u00e9 a falta de preparo dos governos\u201d, afirmou o presidente do Proam ao jornalista Glauco Faria, para o <a href=\"https:\/\/www.youtube.com\/watch?v=MiS1_G6747k\" target=\"_blank\" rel=\"noopener noreferrer\"><em>Jornal Brasil Atual<\/em><\/a>, na quinta-feira (9).<\/p>\n<p>Segundo o especialista, o cen\u00e1rio seria ainda mais desolador para todo o continente da Am\u00e9rica do Sul, j\u00e1 que \u00e9 a umidade proveniente da Amaz\u00f4nia que abastece todo o sistema hidrol\u00f3gico da regi\u00e3o, a partir dos chamados \u201crios voadores\u201d. \u201cSem a Amaz\u00f4nia, haveria apenas uma transfer\u00eancia intempestiva de umidade do Caribe para o interior do continente, insuficiente para recarregar mananciais e aqu\u00edferos. O risco para o Brasil, com a perda da Amaz\u00f4nia, \u00e9 muito maior\u201d, explica Bocuhy.<\/p>\n<h3>Destrui\u00e7\u00e3o e morte<\/h3>\n<p>Na Austr\u00e1lia, os inc\u00eandios j\u00e1 atingiram mais de 5 milh\u00f5es de hectares, desde setembro. Mais de 1.500 casas foram destru\u00eddas e ao menos 25 pessoas morreram.\u00a0Ecologistas da Universidade de Sydney e da organiza\u00e7\u00e3o WWF estimam que\u00a0mais de um bilh\u00e3o de animais naturais do pa\u00eds, como coalas e cangurus, foram mortos pelo fogo. A <a href=\"https:\/\/www.redebrasilatual.com.br\/mundo\/2020\/01\/fumaca-incendios-australia-america-do-sul\/\">fuma\u00e7a<\/a> dos inc\u00eandios na Oceania chegou ao sul do Brasil na \u00faltima ter\u00e7a-feira (7), ap\u00f3s percorrer mais de 12 mil quil\u00f4metros carregada pelo vento.<\/p>\n<p>Ainda que sem a participa\u00e7\u00e3o direta da a\u00e7\u00e3o humana no caso australiano, as queimadas por l\u00e1 e tamb\u00e9m outras regi\u00f5es que sofreram com inc\u00eandios de grandes propor\u00e7\u00f5es no \u00faltimo ano, como na Calif\u00f3rnia (EUA), Espanha e Portugal, tamb\u00e9m est\u00e3o relacionadas com o agravamento do aquecimento global, em decorr\u00eancia da libera\u00e7\u00e3o dos gases de efeito estufa. Bocuhy destaca que alguns cientistas inclusive j\u00e1 abandonaram a nomenclatura \u201cAntropoceno\u201d, que marca a atual fase geol\u00f3gica com destaque para a a\u00e7\u00e3o humana sobre o meio ambiente, para outra ainda mais grave: o \u201cpiroceno\u201d ou \u201cera do fogo\u201d.<\/p>\n<p><strong>Fonte: Rede Brasil Atual<\/strong><\/p>\n","protected":false},"excerpt":{"rendered":"<p>Segundo dados do\u00a0Instituto Nacional de Pesquisas Espaciais (Inpe), a Amaz\u00f4nia brasileira registrou 89 mil focos de inc\u00eandio em 2019, o que representa aumento de 30% em rela\u00e7\u00e3o ao ano anterior. As queimadas voltaram a aumentar nos \u00faltimos dois meses do ano. S\u00f3 em dezembro, o n\u00famero de focos foi 80% maior, na compara\u00e7\u00e3o com o [&hellip;]<\/p>\n","protected":false},"author":2,"featured_media":8179,"comment_status":"","ping_status":"","sticky":false,"template":"","format":"standard","meta":{"footnotes":""},"categories":[3],"tags":[],"class_list":["post-8180","post","type-post","status-publish","format-standard","has-post-thumbnail","hentry","category-noticias"],"_links":{"self":[{"href":"https:\/\/hostnetart.com.br\/baixada\/wp-json\/wp\/v2\/posts\/8180","targetHints":{"allow":["GET"]}}],"collection":[{"href":"https:\/\/hostnetart.com.br\/baixada\/wp-json\/wp\/v2\/posts"}],"about":[{"href":"https:\/\/hostnetart.com.br\/baixada\/wp-json\/wp\/v2\/types\/post"}],"author":[{"embeddable":true,"href":"https:\/\/hostnetart.com.br\/baixada\/wp-json\/wp\/v2\/users\/2"}],"replies":[{"embeddable":true,"href":"https:\/\/hostnetart.com.br\/baixada\/wp-json\/wp\/v2\/comments?post=8180"}],"version-history":[{"count":0,"href":"https:\/\/hostnetart.com.br\/baixada\/wp-json\/wp\/v2\/posts\/8180\/revisions"}],"wp:featuredmedia":[{"embeddable":true,"href":"https:\/\/hostnetart.com.br\/baixada\/wp-json\/wp\/v2\/media\/8179"}],"wp:attachment":[{"href":"https:\/\/hostnetart.com.br\/baixada\/wp-json\/wp\/v2\/media?parent=8180"}],"wp:term":[{"taxonomy":"category","embeddable":true,"href":"https:\/\/hostnetart.com.br\/baixada\/wp-json\/wp\/v2\/categories?post=8180"},{"taxonomy":"post_tag","embeddable":true,"href":"https:\/\/hostnetart.com.br\/baixada\/wp-json\/wp\/v2\/tags?post=8180"}],"curies":[{"name":"wp","href":"https:\/\/api.w.org\/{rel}","templated":true}]}}