{"id":8166,"date":"2020-01-08T17:57:56","date_gmt":"2020-01-08T20:57:56","guid":{"rendered":"https:\/\/hostnetart.com.br\/baixada\/desmonte-da-previdencia-trava-mais-de-3-milhoes-de-aposentadorias\/"},"modified":"2020-01-08T17:57:56","modified_gmt":"2020-01-08T20:57:56","slug":"desmonte-da-previdencia-trava-mais-de-3-milhoes-de-aposentadorias","status":"publish","type":"post","link":"https:\/\/hostnetart.com.br\/baixada\/desmonte-da-previdencia-trava-mais-de-3-milhoes-de-aposentadorias\/","title":{"rendered":"Desmonte da Previd\u00eancia \u2018trava\u2019 mais de 3 milh\u00f5es de aposentadorias"},"content":{"rendered":"<p>Mais de 3 milh\u00f5es de brasileiros que deram entrada em pedidos de aposentadoria nos \u00faltimos anos ainda n\u00e3o conseguiram ter o benef\u00edcio autorizado pelo Instituto Nacional do Seguro Social (INSS). Essa \u00e9 uma estimativa para o n\u00famero de processos parados n\u00e3o apenas aguardando an\u00e1lise, mas tamb\u00e9m travados por erros no envio de documentos ao INSS.<\/p>\n<p>Para a Confedera\u00e7\u00e3o dos Trabalhadores no Servi\u00e7o P\u00fablico Federal e a Federa\u00e7\u00e3o Nacional dos Trabalhadores do Servi\u00e7o P\u00fablico Federal (Condsef \/Fenadsef), mais do que o combate a fraudes, que levou o governo a anunciar a execu\u00e7\u00e3o de um \u201cpente-fino\u201d em benef\u00edcios, s\u00e3o dois os principais fatores que t\u00eam contribu\u00eddo para esse cen\u00e1rio: o sistema de digitaliza\u00e7\u00e3o implantado, em tese, para facilitar o processo, e o enxugamento do setor com falta de servidores e o fechamento de ag\u00eancias.<\/p>\n<p>A digitaliza\u00e7\u00e3o do sistema de pedidos feita para facilitar a vida do contribuinte, na verdade, tem provocado problemas. Muitos esbarram nas dificuldades operacionais, outros n\u00e3o enviam toda documenta\u00e7\u00e3o necess\u00e1ria e sem um atendimento pessoal, provocado pelo enxugamento nos quadros do setor p\u00fablico, somado ao fechamento de ag\u00eancias em todo o Brasil, o direito a aposentadoria se v\u00ea postergado.<\/p>\n<p>A Confedera\u00e7\u00e3o alerta que o mesmo problema deve passar a ocorrer com pedidos de seguro-desemprego que devem sofrer reflexo da extin\u00e7\u00e3o do Minist\u00e9rio do Trabalho e Emprego e do mesmo processo de digitaliza\u00e7\u00e3o defendido por Paulo Guedes, banqueiro e ministro da Economia.<\/p>\n<p>Guedes j\u00e1 declarou por diversas vezes que n\u00e3o pretende realizar concursos p\u00fablicos nos pr\u00f3ximos anos e que o governo deve \u201cinvestir na digitaliza\u00e7\u00e3o\u201d. Com isso, a Condsef\/Fenadsef acredita que o ministro passa um atestado de desconhecimento do que significa e representa o Estado e todo o setor p\u00fablico, bem como o que assegura a Constitui\u00e7\u00e3o brasileira a respeito. Para a Confedera\u00e7\u00e3o, sem investir no setor p\u00fablico o Brasil vai continuar sem reagir \u00e0 crise econ\u00f4mica instalada no Pa\u00eds principalmente a partir do final de 2016. Essa crise j\u00e1 elevou a desigualdade social e cobra a conta justamente das classes mais desfavorecidas.<\/p>\n<h3>Tecnologia como aliada<\/h3>\n<p>Na dire\u00e7\u00e3o do que prop\u00f5e Guedes, a Condsef\/Fenadsef acredita que computadores e tecnologia podem ser aliados importantes. Em pesquisa, educa\u00e7\u00e3o, na cultura, na preserva\u00e7\u00e3o de nossas mem\u00f3rias, na aplica\u00e7\u00e3o de t\u00e9cnicas que podem garantir at\u00e9 mesmo economia, mas certamente n\u00e3o ter\u00e3o a mesma efici\u00eancia em outros campos. Pensemos nos servidores que prestam atendimento \u00e0 sa\u00fade, na tarefa de formar dos professores, nos servidores que promovem o controle e combate a endemias, muitos arriscando a vida em trabalhos insalubres.<\/p>\n<p>Pensemos naqueles que tamb\u00e9m se arriscam para garantir fiscaliza\u00e7\u00e3o no trabalho, para assegurar o cumprimento de leis, no combate \u00e0 explora\u00e7\u00e3o de outros trabalhadores, na defesa do meio ambiente e tamb\u00e9m na fiscaliza\u00e7\u00e3o de nossas receitas, no combate \u00e0 sonega\u00e7\u00e3o que s\u00f3 em um ano nos deixou com menos R$500 bilh\u00f5es\u00a0 no or\u00e7amento, naqueles que atuam na agricultura, no controle sanit\u00e1rio, nos transportes, na seguran\u00e7a, enfim, na implanta\u00e7\u00e3o de pol\u00edticas p\u00fablicas que melhorem a vida dos brasileiros. Pensar a administra\u00e7\u00e3o p\u00fablica como mera burocracia, como apenas \u201cgasto\u201d e n\u00e3o como investimento, \u00e9 negar aos brasileiros a possibilidade de um pa\u00eds desenvolvido.<\/p>\n<h3>Reforma administrativa<\/h3>\n<p>Outra proposta que, segundo diversos especialistas, j\u00e1 est\u00e1 em curso \u00e9 a reforma Administrativa. A proposta que vem mais uma vez com a narrativa de que \u00e9 preciso cortar \u201cprivil\u00e9gios\u201d dos servidores p\u00fablicos mascara o grande problema da falta de investimentos no setor. Sem acesso a servi\u00e7os p\u00fablicos pelos quais paga regularmente em impostos quem arca essa conta, de novo, \u00e9 a maioria da popula\u00e7\u00e3o que tem direito constitucional de acesso a servi\u00e7os essenciais. \u201cO servi\u00e7o p\u00fablico est\u00e1 n\u00e3o s\u00f3 em nosso cotidiano de muitas formas, mas tamb\u00e9m em momentos de grande emerg\u00eancia para o conjunto da sociedade. Devemos defender o setor p\u00fablico, pois pagamos impostos para que a Uni\u00e3o nos devolva em servi\u00e7os que s\u00e3o tamb\u00e9m um direito de todos n\u00f3s\u201d, pontua o secret\u00e1rio-geral da Condsef\/Fenadsef, S\u00e9rgio Ronaldo da Silva.<\/p>\n<h3>A\u00e7\u00f5es<\/h3>\n<p>Contra o desmonte do setor p\u00fablico e em defesa do direito \u00e0 aposentadoria o m\u00eas de janeiro inteiro tem uma agenda dedicada a esse debate. At\u00e9 o dia 31, assembleias e atividades de base preparam servidores da base da Condsef\/Fenadsef para a campanha salarial e promovem press\u00e3o sobre parlamentares em suas bases eleitorais contra a reforma Administrativa. No dia 23 de janeiro a Condsef\/Fenadsef promove encontro nacional de seu departamento de aposentados. No dia 24, a entidade participa de mobiliza\u00e7\u00e3o que marca o Dia Nacional do Aposentado.<\/p>\n<p><strong>Fonte: Contraf-CUT<\/strong><\/p>\n","protected":false},"excerpt":{"rendered":"<p>Mais de 3 milh\u00f5es de brasileiros que deram entrada em pedidos de aposentadoria nos \u00faltimos anos ainda n\u00e3o conseguiram ter o benef\u00edcio autorizado pelo Instituto Nacional do Seguro Social (INSS). Essa \u00e9 uma estimativa para o n\u00famero de processos parados n\u00e3o apenas aguardando an\u00e1lise, mas tamb\u00e9m travados por erros no envio de documentos ao INSS. [&hellip;]<\/p>\n","protected":false},"author":2,"featured_media":8165,"comment_status":"","ping_status":"","sticky":false,"template":"","format":"standard","meta":{"footnotes":""},"categories":[3],"tags":[],"class_list":["post-8166","post","type-post","status-publish","format-standard","has-post-thumbnail","hentry","category-noticias"],"_links":{"self":[{"href":"https:\/\/hostnetart.com.br\/baixada\/wp-json\/wp\/v2\/posts\/8166","targetHints":{"allow":["GET"]}}],"collection":[{"href":"https:\/\/hostnetart.com.br\/baixada\/wp-json\/wp\/v2\/posts"}],"about":[{"href":"https:\/\/hostnetart.com.br\/baixada\/wp-json\/wp\/v2\/types\/post"}],"author":[{"embeddable":true,"href":"https:\/\/hostnetart.com.br\/baixada\/wp-json\/wp\/v2\/users\/2"}],"replies":[{"embeddable":true,"href":"https:\/\/hostnetart.com.br\/baixada\/wp-json\/wp\/v2\/comments?post=8166"}],"version-history":[{"count":0,"href":"https:\/\/hostnetart.com.br\/baixada\/wp-json\/wp\/v2\/posts\/8166\/revisions"}],"wp:featuredmedia":[{"embeddable":true,"href":"https:\/\/hostnetart.com.br\/baixada\/wp-json\/wp\/v2\/media\/8165"}],"wp:attachment":[{"href":"https:\/\/hostnetart.com.br\/baixada\/wp-json\/wp\/v2\/media?parent=8166"}],"wp:term":[{"taxonomy":"category","embeddable":true,"href":"https:\/\/hostnetart.com.br\/baixada\/wp-json\/wp\/v2\/categories?post=8166"},{"taxonomy":"post_tag","embeddable":true,"href":"https:\/\/hostnetart.com.br\/baixada\/wp-json\/wp\/v2\/tags?post=8166"}],"curies":[{"name":"wp","href":"https:\/\/api.w.org\/{rel}","templated":true}]}}