{"id":8096,"date":"2019-12-17T17:58:52","date_gmt":"2019-12-17T20:58:52","guid":{"rendered":"https:\/\/hostnetart.com.br\/baixada\/brasil-registra-233-agressoes-a-criancas-por-dia\/"},"modified":"2019-12-17T17:58:52","modified_gmt":"2019-12-17T20:58:52","slug":"brasil-registra-233-agressoes-a-criancas-por-dia","status":"publish","type":"post","link":"https:\/\/hostnetart.com.br\/baixada\/brasil-registra-233-agressoes-a-criancas-por-dia\/","title":{"rendered":"Brasil registra 233 agress\u00f5es a crian\u00e7as por dia"},"content":{"rendered":"<p>A Sociedade Brasileira de Pediatria (SBP) informa que s\u00e3o notificadas no Brasil 233 agress\u00f5es, em m\u00e9dia, a\u00a0<a href=\"https:\/\/www.redebrasilatual.com.br\/saude-e-ciencia\/2012\/05\/abuso-sexual-e-o-2o-maior-caso-de-violencia-infantil\/\" target=\"_blank\" rel=\"noopener noreferrer\">crian\u00e7as e adolescentes<\/a>\u00a0de at\u00e9 19 anos. O estudo in\u00e9dito mostra que a viol\u00eancia ocorre de forma f\u00edsica, psicol\u00f3gica e at\u00e9 tortura, sendo a maioria no ambiente dom\u00e9stico ou por pessoas do c\u00edrculo familiar.<\/p>\n<p>O levantamento foi feito com dados de 2009 a 2017, per\u00edodo em que as agress\u00f5es a menores chegaram a 471.178 registros. No primeiro ano da s\u00e9rie, houve 13.888 notifica\u00e7\u00f5es, m\u00e9dia de 38 por dia. Oito anos depois, o volume total havia crescido 34 vezes. Segundo Ariel de Castro Alves, advogado e conselheiro do\u00a0Conselho Estadual de Defesa dos Direitos da Pessoa Humana (Condepe), a maioria das agress\u00f5es tem vi\u00e9s educacional, vindo de uma tradi\u00e7\u00e3o familiar, mas que precisa ser rompida.<\/p>\n<p>\u201cS\u00e3o adultos que sofreram agress\u00f5es na inf\u00e2ncia e replicam isso nos filhos. \u00c9 uma tradi\u00e7\u00e3o familiar que precisa acabar. \u00c9 necess\u00e1rio que tenhamos centros de refer\u00eancia para atender crian\u00e7as e adolescentes v\u00edtimas de viol\u00eancia, com encaminhamentos adequados\u201d, afirma o advogado, em entrevista \u00e0s jornalistas Marilu Caba\u00f1as e Nahama Nunes, da\u00a0<strong>R\u00e1dio Brasil Atual<\/strong>.<\/p>\n<p>Do total de casos notificados pelos servi\u00e7os de sa\u00fade, 69,5% foram decorrentes de viol\u00eancia f\u00edsica, 27,1%\u00a0 de viol\u00eancia psicol\u00f3gica e e 3,3%, de epis\u00f3dios de tortura. Al\u00e9m disso,\u00a0a SBP ressalta que a agress\u00e3o a menores provoca um n\u00famero significativo de interna\u00e7\u00f5es hospitalares e mesmo de mortes: s\u00e3o 35.855 encaminhamentos para hospitaliza\u00e7\u00e3o e 3.296 \u00f3bitos registrados no per\u00edodo.<\/p>\n<p>Ariel explica que em algumas classes sociais h\u00e1 um\u00a0<a href=\"https:\/\/www.redebrasilatual.com.br\/cidadania\/2014\/06\/dilma-sanciona-a-lei-da-palmada-com-veto-8937\/\">silenciamento das den\u00fancias<\/a>. \u201cS\u00e3o poucos os casos que chegam aos \u00f3rg\u00e3os de prote\u00e7\u00e3o. Nessa quest\u00e3o das classes sociais, existem mais den\u00fancias em fam\u00edlias mais pobres, porque nas fam\u00edlias mais ricas, n\u00e3o se fala disso para manter o\u00a0<em>status<\/em>\u00a0de que tudo est\u00e1 normal. A \u2018lei do sil\u00eancio\u2019 \u00e9 predominante em fam\u00edlias de classe m\u00e9dia e alta\u201d, lamentou.<\/p>\n<p>A pesquisa, que contou com parceria do Sistema Nacional de Agravos de Notifica\u00e7\u00e3o (Sinan), ligado ao Minist\u00e9rio da Sa\u00fade, ainda mostra que esse tipo de viol\u00eancia, em 2017, foram mais frequentes em S\u00e3o Paulo (21.639 casos), seguido de Minas Gerais (13.325), Rio de Janeiro (7.853), Paran\u00e1 (7.297) e Rio Grande do Sul (5.254).<\/p>\n<p>O conselheiro do Condepe acrescenta que \u00e9 preciso criar uma\u00a0<a href=\"https:\/\/www.redebrasilatual.com.br\/cidadania\/2019\/05\/educacao-sexual-em-casa-e-na-escola-evita-abuso-de-criancas-e-adolescentes\/\" target=\"_blank\" rel=\"noopener noreferrer\">conscientiza\u00e7\u00e3o dentro de casa<\/a>, j\u00e1 que as agress\u00f5es s\u00e3o proibidas pela\u00a0<a href=\"https:\/\/www.redebrasilatual.com.br\/radio\/2016\/06\/lei-menino-bernanardo-completa-2-anos-em-defesa-da-educacao-sem-uso-da-violencia\/\">Lei Menino Bernard<\/a>o, sancionada em 2014 pela ex-presidenta Dilma Rousseff, que estabelece o direito de crian\u00e7as e adolescentes de serem educados e cuidados sem o uso de castigos f\u00edsicos ou de tratamento cruel ou degradante. \u201cN\u00f3s devemos pensar que as crian\u00e7as v\u00edtimas de viol\u00eancia v\u00e3o pratic\u00e1-la. Vai prejudicar no rendimento escolar, na vida social dela, acumulando diversos traumas.\u201d<\/p>\n<p><span style=\"text-decoration: underline;\"><strong>Fonte: Rede Brasil Atual<\/strong><\/span><\/p>\n","protected":false},"excerpt":{"rendered":"<p>A Sociedade Brasileira de Pediatria (SBP) informa que s\u00e3o notificadas no Brasil 233 agress\u00f5es, em m\u00e9dia, a\u00a0crian\u00e7as e adolescentes\u00a0de at\u00e9 19 anos. O estudo in\u00e9dito mostra que a viol\u00eancia ocorre de forma f\u00edsica, psicol\u00f3gica e at\u00e9 tortura, sendo a maioria no ambiente dom\u00e9stico ou por pessoas do c\u00edrculo familiar. O levantamento foi feito com dados [&hellip;]<\/p>\n","protected":false},"author":2,"featured_media":8095,"comment_status":"","ping_status":"","sticky":false,"template":"","format":"standard","meta":{"footnotes":""},"categories":[3],"tags":[],"class_list":["post-8096","post","type-post","status-publish","format-standard","has-post-thumbnail","hentry","category-noticias"],"_links":{"self":[{"href":"https:\/\/hostnetart.com.br\/baixada\/wp-json\/wp\/v2\/posts\/8096","targetHints":{"allow":["GET"]}}],"collection":[{"href":"https:\/\/hostnetart.com.br\/baixada\/wp-json\/wp\/v2\/posts"}],"about":[{"href":"https:\/\/hostnetart.com.br\/baixada\/wp-json\/wp\/v2\/types\/post"}],"author":[{"embeddable":true,"href":"https:\/\/hostnetart.com.br\/baixada\/wp-json\/wp\/v2\/users\/2"}],"replies":[{"embeddable":true,"href":"https:\/\/hostnetart.com.br\/baixada\/wp-json\/wp\/v2\/comments?post=8096"}],"version-history":[{"count":0,"href":"https:\/\/hostnetart.com.br\/baixada\/wp-json\/wp\/v2\/posts\/8096\/revisions"}],"wp:featuredmedia":[{"embeddable":true,"href":"https:\/\/hostnetart.com.br\/baixada\/wp-json\/wp\/v2\/media\/8095"}],"wp:attachment":[{"href":"https:\/\/hostnetart.com.br\/baixada\/wp-json\/wp\/v2\/media?parent=8096"}],"wp:term":[{"taxonomy":"category","embeddable":true,"href":"https:\/\/hostnetart.com.br\/baixada\/wp-json\/wp\/v2\/categories?post=8096"},{"taxonomy":"post_tag","embeddable":true,"href":"https:\/\/hostnetart.com.br\/baixada\/wp-json\/wp\/v2\/tags?post=8096"}],"curies":[{"name":"wp","href":"https:\/\/api.w.org\/{rel}","templated":true}]}}