{"id":8092,"date":"2019-12-17T15:59:09","date_gmt":"2019-12-17T18:59:09","guid":{"rendered":"https:\/\/hostnetart.com.br\/baixada\/caixa-nao-entrega-os-relatorios-completos-do-saude-caixa-ao-conselho-dos-usuarios-do-plano\/"},"modified":"2019-12-17T15:59:09","modified_gmt":"2019-12-17T18:59:09","slug":"caixa-nao-entrega-os-relatorios-completos-do-saude-caixa-ao-conselho-dos-usuarios-do-plano","status":"publish","type":"post","link":"https:\/\/hostnetart.com.br\/baixada\/caixa-nao-entrega-os-relatorios-completos-do-saude-caixa-ao-conselho-dos-usuarios-do-plano\/","title":{"rendered":"Caixa n\u00e3o entrega os relat\u00f3rios completos do Sa\u00fade Caixa ao Conselho dos Usu\u00e1rios do plano"},"content":{"rendered":"<p>Mais uma vez, a Caixa n\u00e3o entregou os relat\u00f3rios financeiros e o atuarial do Sa\u00fade Caixa aos conselheiros eleitos do plano. Em reuni\u00e3o ordin\u00e1ria que aconteceu nesta quinta-feira (12), em Bras\u00edlia (DF), o banco apresentou apenas um quadro do resumo da proje\u00e7\u00e3o atuarial 2019\/2024. Mesmo com pedidos recorrentes para a apresenta\u00e7\u00e3o dos dados, os conselheiros n\u00e3o foram ouvidos e questionaram a falta de transpar\u00eancia do plano. A Caixa alega n\u00e3o ter havido tempo para valida\u00e7\u00e3o do relat\u00f3rio por parte das \u00e1reas t\u00e9cnicas.<\/p>\n<p>De acordo com a coordenadora do Conselho de Usu\u00e1rios do plano, Zuleida Martins Rosa, foi preciso solicitar uma reuni\u00e3o extraordin\u00e1ria, uma vez que a situa\u00e7\u00e3o est\u00e1 recorrente e sem os dados os conselheiros eleitos n\u00e3o poder\u00e3o emitir um parecer a respeito do desempenho financeiro. \u201cOs conselheiros solicitaram uma reuni\u00e3o extraordin\u00e1ria para uma apresenta\u00e7\u00e3o completa dos relat\u00f3rios de gest\u00e3o. Por ser a \u00faltima reuni\u00e3o do atual mandato, n\u00f3s precisamos entregar um parecer completo para quem ir\u00e1 assumir pelos pr\u00f3ximos anos\u201d, afirmou Zuleida.<\/p>\n<p>Os dados apresentados trazem as proje\u00e7\u00f5es para o final de 2019 e exerc\u00edcios seguintes at\u00e9 2024 em um cen\u00e1rio neutro. Para os anos de 2019 mostra um d\u00e9ficit da ordem de R$ 143 milh\u00f5es, o que \u00e9 mais ou menos esperado, apesar de haver inconsist\u00eancias nos n\u00fameros reais, pois os problemas de falta de arrecada\u00e7\u00e3o em decorr\u00eancia de falhas do SIAGS n\u00e3o terem sido solucionados. Por\u00e9m, a partir de 2021, j\u00e1 leva em conta a imposi\u00e7\u00e3o do teto de 6,5% da folha de pagamento, reduzindo drasticamente a participa\u00e7\u00e3o da Caixa no custeio. Assim a parte a ser coberta pelos empregados poder\u00e1 chegar a aproximadamente R$ 2,4 bilh\u00f5es em 2024, representando um custo m\u00e9dio mensal de R$ 1.700,00 por titular. Para se ter uma ideia o custo m\u00e9dio mensal por titular projetado para 2020, em que a propor\u00e7\u00e3o 70%\/30% ainda estar\u00e1 em vigor \u00e9 de cerca de R$ 700,00.<\/p>\n<p>Os conselheiros eleitos cobraram mais uma vez a entrega dos balancetes mensais dos anos 2014, 2017, 2018 e 2019, conforme prev\u00ea o Acordo Coletivo de Trabalho \u2013 ACT, mas que at\u00e9 hoje tamb\u00e9m n\u00e3o foram apresentados pelo banco. A Caixa, assumiu o compromisso de regularizar a situa\u00e7\u00e3o.<\/p>\n<h3><strong>Problemas no SIAGS<\/strong><\/h3>\n<p>O banco explicou que as inconsist\u00eancias do SIAGS s\u00f3 ser\u00e3o resolvidas a partir do novo contrato com a BENNER. Atualmente, o contrato em vigor \u00e9 de implanta\u00e7\u00e3o da plataforma e em 2020 o novo contrato com a empresa ser\u00e1 de manuten\u00e7\u00e3o. Apenas a partir do novo contrato, segundo destacaram os representantes da Caixa, ser\u00e1 poss\u00edvel verificar as inconsist\u00eancias.<\/p>\n<p>A expectativa \u00e9 de que com o novo contrato, os t\u00e9cnicos da Benner poderiam ent\u00e3o desenvolver um estudo sobre as inconsist\u00eancias da plataforma. Dentro dos pr\u00f3ximos meses a Caixa espera ter os n\u00fameros para apresentar ao Conselho.<\/p>\n<h3><strong>Nova vers\u00e3o do RH 221<\/strong><\/h3>\n<p>Os conselheiros eleitos cobraram mais uma vez a divulga\u00e7\u00e3o da nova vers\u00e3o do RH 221, tendo em vista as diversas irregularidades encontradas na 001, divulgada em maio desse anos, em que, por exemplo a Caixa imp\u00f5e a necessidade de ter contribu\u00eddo com no m\u00ednimo 120 mensalidades para que o empregado possa manter o direito ao plano na aposentadoria, restri\u00e7\u00e3o inexistente no ACT.<\/p>\n<p>Os representantes da Caixa informaram que, embora esteja com a revis\u00e3o bastante adiantada, ainda n\u00e3o h\u00e1 uma previs\u00e3o de lan\u00e7amento. Os representantes dos empregados enfatizaram, mais uma vez, a necessidade de agilidade no processo, tendo em vista os preju\u00edzos que podem gerar aos empregados.<\/p>\n<p>Entre os problemas apontados, um dos mais graves \u00e9 a interpreta\u00e7\u00e3o que a Caixa faz da previs\u00e3o do ACT de inclus\u00e3o de filhos, maiores de 21 anos, com defici\u00eancia incapacitante permanentemente. Segundo o RH 221 001, essa inclus\u00e3o s\u00f3 \u00e9 poss\u00edvel se o filho com defici\u00eancia j\u00e1 se encontrar nessa situa\u00e7\u00e3o ao completar 21 anos, n\u00e3o admitindo que possa ocorrer a incapacidade plena e permanente, em uma idade superior, quando o ACT n\u00e3o cria essa restri\u00e7\u00e3o. Os eleitos solicitaram que a Caixa fa\u00e7a uma consulta ao seu departamento jur\u00eddico, que caso referende o entendimento da empresa, ensejar\u00e1 outras medidas para obrig\u00e1-la a honrar o negociado.<\/p>\n<h3><strong>Demais assuntos respondidos pela Caixa:<\/strong><\/h3>\n<ul>\n<li>\u2013 N\u00e3o cobran\u00e7a dos aposentados em novembro de 2019: atraso do processamento da rotina por lentid\u00e3o do sistema e antecipa\u00e7\u00e3o da data de fechamento da folha da Funcef, devido a feriado. As cobran\u00e7as dos meses de novembro e dezembro j\u00e1 est\u00e3o agendadas para o dia 20 de dezembro.<\/li>\n<li>\u2013 Grupo multidisciplinar: a Gesap confirmou que n\u00e3o existe um grupo multidisciplinar coordenado para analisar os erros e inconsist\u00eancias do SIAGS.<\/li>\n<li>\u2013 Fim do conv\u00eanio com o INSS: a Caixa informou tratar-se de iniciativa unilateral daquele \u00f3rg\u00e3o, n\u00e3o vendo perspectiva de revers\u00e3o e que a Gesap est\u00e1 em tratativas com o Funcef em busca de solu\u00e7\u00f5es para a cobran\u00e7a do Sa\u00fade Caixa, de forma que n\u00e3o prejudique os usu\u00e1rios. O prazo \u00e9 mar\u00e7o de 2020.<\/li>\n<\/ul>\n<p>Os conselheiros eleitos sugeriram aproveitar o fim do conv\u00eanio para iniciar um recadastramento com os aposentados.<\/p>\n<p><strong>Fonte: Contraf-CUT<\/strong><\/p>\n","protected":false},"excerpt":{"rendered":"<p>Mais uma vez, a Caixa n\u00e3o entregou os relat\u00f3rios financeiros e o atuarial do Sa\u00fade Caixa aos conselheiros eleitos do plano. Em reuni\u00e3o ordin\u00e1ria que aconteceu nesta quinta-feira (12), em Bras\u00edlia (DF), o banco apresentou apenas um quadro do resumo da proje\u00e7\u00e3o atuarial 2019\/2024. Mesmo com pedidos recorrentes para a apresenta\u00e7\u00e3o dos dados, os conselheiros [&hellip;]<\/p>\n","protected":false},"author":2,"featured_media":8091,"comment_status":"","ping_status":"","sticky":false,"template":"","format":"standard","meta":{"footnotes":""},"categories":[3],"tags":[],"class_list":["post-8092","post","type-post","status-publish","format-standard","has-post-thumbnail","hentry","category-noticias"],"_links":{"self":[{"href":"https:\/\/hostnetart.com.br\/baixada\/wp-json\/wp\/v2\/posts\/8092","targetHints":{"allow":["GET"]}}],"collection":[{"href":"https:\/\/hostnetart.com.br\/baixada\/wp-json\/wp\/v2\/posts"}],"about":[{"href":"https:\/\/hostnetart.com.br\/baixada\/wp-json\/wp\/v2\/types\/post"}],"author":[{"embeddable":true,"href":"https:\/\/hostnetart.com.br\/baixada\/wp-json\/wp\/v2\/users\/2"}],"replies":[{"embeddable":true,"href":"https:\/\/hostnetart.com.br\/baixada\/wp-json\/wp\/v2\/comments?post=8092"}],"version-history":[{"count":0,"href":"https:\/\/hostnetart.com.br\/baixada\/wp-json\/wp\/v2\/posts\/8092\/revisions"}],"wp:featuredmedia":[{"embeddable":true,"href":"https:\/\/hostnetart.com.br\/baixada\/wp-json\/wp\/v2\/media\/8091"}],"wp:attachment":[{"href":"https:\/\/hostnetart.com.br\/baixada\/wp-json\/wp\/v2\/media?parent=8092"}],"wp:term":[{"taxonomy":"category","embeddable":true,"href":"https:\/\/hostnetart.com.br\/baixada\/wp-json\/wp\/v2\/categories?post=8092"},{"taxonomy":"post_tag","embeddable":true,"href":"https:\/\/hostnetart.com.br\/baixada\/wp-json\/wp\/v2\/tags?post=8092"}],"curies":[{"name":"wp","href":"https:\/\/api.w.org\/{rel}","templated":true}]}}